{"id":7478,"date":"2021-04-24T13:57:11","date_gmt":"2021-04-24T13:57:11","guid":{"rendered":"https:\/\/juliancastiblanco.com\/web\/?p=7478"},"modified":"2021-04-27T15:01:37","modified_gmt":"2021-04-27T15:01:37","slug":"estudio-de-fedesarrollo-concluye-que-fabricas-de-productividad-ataca-al-corazon-de-los-problemas-de-las-empresas","status":"publish","type":"post","link":"https:\/\/juliancastiblanco.com\/web\/estudio-de-fedesarrollo-concluye-que-fabricas-de-productividad-ataca-al-corazon-de-los-problemas-de-las-empresas\/","title":{"rendered":"Estudio de Fedesarrollo concluye que F\u00c1BRICAS DE PRODUCTIVIDAD ataca al coraz\u00f3n de los problemas de las empresas"},"content":{"rendered":"<ul>\n<li><em>El programa, liderado por MinComercio y Colombia Productiva, en alianza con c\u00e1maras de comercio, ha mejorado los indicadores de productividad de m\u00e1s de 2.650 firmas en 27 departamentos.<\/em><\/li>\n<\/ul>\n<p><em>\u00a0<\/em><\/p>\n<ul>\n<li><em>La fundaci\u00f3n destaca del programa su efectividad, respalda su inclusi\u00f3n en el CONPES de Reactivaci\u00f3n y aconseja escalarlo para llegar a m\u00e1s empresas.<\/em><\/li>\n<\/ul>\n<p><em>\u00a0<\/em><\/p>\n<p><strong>Bogot\u00e1 D.C., 23 de abril de 2021.-\u00a0<\/strong>F\u00e1bricas de Productividad se convirti\u00f3, en poco tiempo, en un modelo de atenci\u00f3n empresarial referente en Am\u00e9rica Latina, gracias a su alcance y a su efectiva articulaci\u00f3n entre entidades del orden nacional y regional, as\u00ed como entre empresas y extensionistas.<\/p>\n<p>Esta es una de las conclusiones que se desprenden de la evaluaci\u00f3n institucional al programa realizada por Fedesarrollo, cuyos resultados se presentaron este viernes.<\/p>\n<p>F\u00e1bricas de Productividad es una de las principales apuestas del Gobierno Nacional para mejorar la productividad del tejido empresarial colombiano. Liderado por el Ministerio de Comercio, Industria y Turismo y Colombia Productiva, en alianza con las c\u00e1maras de comercio, y el apoyo del SENA, MinVivienda, Ministerio TIC y Banc\u00f3ldex, es una de las 20 metas transformacionales del Plan Nacional de Desarrollo 2018-2022 y recientemente fue incluido en el CONPES de Reactivaci\u00f3n, que busca acelerar la recuperaci\u00f3n de las empresas del pa\u00eds tras la pandemia.<\/p>\n<p>A la fecha, el programa referido ha atendido a m\u00e1s de 2.650 empresas y para 2021 la meta es atender a 1.325 m\u00e1s, mejorando sus indicadores en al menos 8%. Esta capacidad de atenci\u00f3n al a\u00f1o es superior a otros pa\u00edses como Chile o Marruecos.<\/p>\n<p>\u201cEse aval de Fedesarrollo al programa F\u00e1bricas de Productividad es un reconocimiento a un esfuerzo colectivo que nos ha permitido llegar al coraz\u00f3n de las compa\u00f1\u00edas a lo largo y ancho del pa\u00eds. La actual coyuntura, nos ha llevado a redoblar esfuerzos para trabajar de la mano con las c\u00e1maras de comercio y los empresarios en procesos, habilidades gerenciales, acceso a mercados y en general en todos los factores internos que son fundamentales para el dinamismo del sector productivo\u201d, asegur\u00f3 el ministro de Comercio, Industria y Turismo, Jos\u00e9 Manuel Restrepo. \u201cAhora, m\u00e1s que nunca, la meta es avanzar en una productividad empresarial que permita retomar la senda del crecimiento econ\u00f3mico del pa\u00eds\u201d, recalc\u00f3 el funcionario.<\/p>\n<p>Camilo Fern\u00e1ndez de Soto, presidente de Colombia Productiva, se\u00f1al\u00f3 que \u201clas conclusiones del estudio son un espaldarazo al programa, pero tambi\u00e9n nos plantea el desaf\u00edo de escalarlo. Tenemos el reto de que F\u00e1bricas de Productividad crezca de acuerdo con las necesidades de las empresas colombianas y cumpla con el mandato del CONPES de Reactivaci\u00f3n para recuperar lo perdido durante esta pandemia y lograr la meta de atender 5.000 empresas por a\u00f1o a 2026\u201d.<\/p>\n<p>Estas cifras, afirma Fedesarrollo, son muestra del \u00e9xito del programa. Respecto al esquema de intervenci\u00f3n, el estudio resalta que F\u00e1bricas de Productividad muestra resultados en un nivel muy alto, con un promedio de incremento del 32,8% en los indicadores asociados a productividad para las 1.035 intervenciones estudiadas, casi cinco veces por encima de las metas establecidas.<\/p>\n<p>\u201cCon esta iniciativa el Gobierno recoge esfuerzos anteriores y los potencializa con F\u00e1bricas de Productividad. Muestra resultados extraordinarios y muy importantes: apunta a mejorar la calidad de la gerencia, que es esencial para cerrar brechas en el uso de tecnolog\u00eda y en la capacidad de aumentar la productividad. Este programa ataca directamente al coraz\u00f3n de los problemas de productividad\u201d, afirm\u00f3 Luis Fernando Mej\u00eda, director de Fedesarrollo durante la presentaci\u00f3n del estudio.<\/p>\n<p>Comparado con pa\u00edses con econom\u00edas similares en Am\u00e9rica Latina, F\u00e1bricas de Productividad es el programa que ha alcanzado el mayor n\u00famero de atenciones anuales, por ejemplo, duplicando el alcance del programa de CORFO en Chile, que atiende, en promedio, 667 empresas cada a\u00f1o.<\/p>\n<p>En cuanto a recursos invertidos, F\u00e1bricas de Productividad tiene la ventaja de hacer m\u00e1s con menos: aunque Colombia invierte menos recursos que Chile (USD4 millones y USD5 millones anuales, respectivamente), tiene mayor alcance.<\/p>\n<p><img loading=\"lazy\" decoding=\"async\" class=\"wp-image-7479 size-large alignnone\" src=\"https:\/\/juliancastiblanco.com\/web\/wp-content\/uploads\/2021\/04\/ESTUDIO-DE-FEDESARROLLO-CONCLUYE-QUE-FABRICAS-DE-PRODUCTIVIDAD-ATACA-AL-...-1024x682.jpeg\" alt=\"\" width=\"810\" height=\"539\" srcset=\"https:\/\/juliancastiblanco.com\/web\/wp-content\/uploads\/2021\/04\/ESTUDIO-DE-FEDESARROLLO-CONCLUYE-QUE-FABRICAS-DE-PRODUCTIVIDAD-ATACA-AL-...-1024x682.jpeg 1024w, https:\/\/juliancastiblanco.com\/web\/wp-content\/uploads\/2021\/04\/ESTUDIO-DE-FEDESARROLLO-CONCLUYE-QUE-FABRICAS-DE-PRODUCTIVIDAD-ATACA-AL-...-300x200.jpeg 300w, https:\/\/juliancastiblanco.com\/web\/wp-content\/uploads\/2021\/04\/ESTUDIO-DE-FEDESARROLLO-CONCLUYE-QUE-FABRICAS-DE-PRODUCTIVIDAD-ATACA-AL-...-768x512.jpeg 768w, https:\/\/juliancastiblanco.com\/web\/wp-content\/uploads\/2021\/04\/ESTUDIO-DE-FEDESARROLLO-CONCLUYE-QUE-FABRICAS-DE-PRODUCTIVIDAD-ATACA-AL-...-810x540.jpeg 810w, https:\/\/juliancastiblanco.com\/web\/wp-content\/uploads\/2021\/04\/ESTUDIO-DE-FEDESARROLLO-CONCLUYE-QUE-FABRICAS-DE-PRODUCTIVIDAD-ATACA-AL-...-1140x760.jpeg 1140w, https:\/\/juliancastiblanco.com\/web\/wp-content\/uploads\/2021\/04\/ESTUDIO-DE-FEDESARROLLO-CONCLUYE-QUE-FABRICAS-DE-PRODUCTIVIDAD-ATACA-AL-....jpeg 1280w\" sizes=\"auto, (max-width: 810px) 100vw, 810px\" \/><\/p>\n<p>&nbsp;<\/p>\n<p><strong>Algunos resultados<\/strong><\/p>\n<p>El estudio de Fedesarrollo analiz\u00f3 el impacto de F\u00e1bricas de Productividad en 1.035 empresas, en su mayor\u00eda peque\u00f1as y medianas. Las empresas recibieron intervenci\u00f3n en alguna de las nueve l\u00edneas de servicios que ofrece el programa: productividad operacional, productividad laboral, gesti\u00f3n comercial, transformaci\u00f3n digital, desarrollo y sofisticaci\u00f3n de productos o servicios, gesti\u00f3n de calidad, log\u00edstica, sostenibilidad ambiental y eficiencia energ\u00e9tica.<\/p>\n<p>&#8211;\u00a0\u00a0\u00a0\u00a0\u00a0\u00a0F\u00e1bricas de Productividad ha superado m\u00e1s de cuatro veces las metas establecidas. El programa exig\u00eda como m\u00ednimo un crecimiento del 8% en la empresa, y en promedio el indicador est\u00e1 en un 32,8% de mejora en las compa\u00f1\u00edas.<\/p>\n<p>&nbsp;<\/p>\n<p>&#8211;\u00a0\u00a0\u00a0\u00a0\u00a0\u00a0Se encontraron indicadores de alt\u00edsimo desempe\u00f1o en las empresas. Por ejemplo, en la l\u00ednea de productividad laboral las variables aumentaron en promedio en un 99%. Las intervenciones en productividad laboral duplicaron los valores de valor por empleado o de piezas por empleado, o de ventas por empleado.<\/p>\n<p>&nbsp;<\/p>\n<p>&#8211;\u00a0\u00a0\u00a0\u00a0\u00a0\u00a0En eficiencia energ\u00e9tica se lograron aumentos del 26% en la cantidad de energ\u00eda ahorrada en las empresas que escogieron esta l\u00ednea.<\/p>\n<p>&nbsp;<\/p>\n<p>&#8211;\u00a0\u00a0\u00a0\u00a0\u00a0\u00a0En productividad operacional se lograron reducciones en 30% en los tiempos de ciclo productivo o en los tiempos muertos en las empresas.<\/p>\n<p>&nbsp;<\/p>\n<p>&#8211;\u00a0\u00a0\u00a0\u00a0\u00a0\u00a0Las intervenciones en Eficiencia Energ\u00e9tica lograron aumentos del 26% en la cantidad de energ\u00eda ahorrada<\/p>\n<p><strong>Llevar asistencia a las regiones, la clave<\/strong><\/p>\n<p>El modelo de extensionismo tecnol\u00f3gico, que consiste en llevar la asistencia t\u00e9cnica al interior de las empresas mediante la realizaci\u00f3n de un diagn\u00f3stico a partir del cual se genera un plan de mejora para elevar su productividad, es uno de los factores de \u00e9xito de F\u00e1bricas de Productividad, indica Fedesarrollo.<\/p>\n<p>La evaluaci\u00f3n resalta que, para ello, el programa ha logrado consolidar una base s\u00f3lida con una red de expertos extensionistas amplia y bien capacitada en pr\u00e1cticamente todos los departamentos del pa\u00eds, apoyada por las c\u00e1maras de comercio de las regiones, lo que les ha dado un alcance alto frente a referentes internacionales.<\/p>\n<p>De hecho, se\u00f1ala que, con las c\u00e1maras de comercio, que se han convertido en aliadas fundamentales en la implementaci\u00f3n del programa, se han creado mecanismos que permiten adecuar el programa al contexto de las empresas de cada regi\u00f3n, incrementando as\u00ed sus buenos resultados.<\/p>\n<p><strong>\u00a0<\/strong><\/p>\n<p><img loading=\"lazy\" decoding=\"async\" class=\"alignnone wp-image-7481 size-full\" src=\"https:\/\/juliancastiblanco.com\/web\/wp-content\/uploads\/2021\/04\/ESTUDIO-DE-FEDESARROLLO-CONCLUYE-QUE-FABRICAS-DE-PRODUCTIVIDAD-ATACA-AL-...-1-1.jpeg\" alt=\"\" width=\"1024\" height=\"768\" srcset=\"https:\/\/juliancastiblanco.com\/web\/wp-content\/uploads\/2021\/04\/ESTUDIO-DE-FEDESARROLLO-CONCLUYE-QUE-FABRICAS-DE-PRODUCTIVIDAD-ATACA-AL-...-1-1.jpeg 1024w, https:\/\/juliancastiblanco.com\/web\/wp-content\/uploads\/2021\/04\/ESTUDIO-DE-FEDESARROLLO-CONCLUYE-QUE-FABRICAS-DE-PRODUCTIVIDAD-ATACA-AL-...-1-1-300x225.jpeg 300w, https:\/\/juliancastiblanco.com\/web\/wp-content\/uploads\/2021\/04\/ESTUDIO-DE-FEDESARROLLO-CONCLUYE-QUE-FABRICAS-DE-PRODUCTIVIDAD-ATACA-AL-...-1-1-768x576.jpeg 768w, https:\/\/juliancastiblanco.com\/web\/wp-content\/uploads\/2021\/04\/ESTUDIO-DE-FEDESARROLLO-CONCLUYE-QUE-FABRICAS-DE-PRODUCTIVIDAD-ATACA-AL-...-1-1-810x608.jpeg 810w\" sizes=\"auto, (max-width: 1024px) 100vw, 1024px\" \/><\/p>\n<p><strong>El reto: fortalecer y escalar el programa<\/strong><\/p>\n<p>La evaluaci\u00f3n de Fedesarrollo tambi\u00e9n plantea una serie de recomendaciones para mejorar el alcance del programa. Hacia el futuro, se\u00f1ala la Fundaci\u00f3n, la consistencia del programa depender\u00e1 de la manera en que se le asignen recursos de financiaci\u00f3n y se pueda lograr una estructura financiera sostenible.<\/p>\n<p>Seg\u00fan la entidad de an\u00e1lisis, es un avance importante que se haya incluido una disposici\u00f3n de pol\u00edtica p\u00fablica para F\u00e1bricas de Productividad en el CONPES 4023 de Pol\u00edtica de Reactivaci\u00f3n, en el cual se menciona que el programa se comenzar\u00e1 a escalar en 2021 y que ir\u00e1, al menos, hasta 2026.<\/p>\n<p>Este paso puede complementarse, de acuerdo con la Fundaci\u00f3n, con una acci\u00f3n m\u00e1s profunda, en la que se busque garantizar la disponibilidad de recursos del Presupuesto General de la Naci\u00f3n m\u00e1s all\u00e1 del mencionado a\u00f1o.<\/p>\n<p>Entre las recomendaciones tambi\u00e9n se se\u00f1ala que se debe continuar en el trabajo para seguir elevando las capacidades y el conocimiento de los extensionistas (expertos en productividad) que llevan la asistencia a las empresas. Esto implica enfocar esfuerzos en mejorar a\u00fan m\u00e1s la calidad de las intervenciones, haciendo m\u00e1s rigurosos los est\u00e1ndares de servicio y los perfiles de los extensionistas para que cumplan los mejores est\u00e1ndares internacionales.<\/p>\n<p><a href=\"https:\/\/juliancastiblanco.com\/web\/fabricas-de-productividad\/\"><img loading=\"lazy\" decoding=\"async\" class=\"alignnone size-full wp-image-7489\" src=\"https:\/\/juliancastiblanco.com\/web\/wp-content\/uploads\/2021\/04\/WhatsApp-Image-2020-03-24-at-12.35.41-PM.jpeg\" alt=\"\" width=\"832\" height=\"263\" srcset=\"https:\/\/juliancastiblanco.com\/web\/wp-content\/uploads\/2021\/04\/WhatsApp-Image-2020-03-24-at-12.35.41-PM.jpeg 832w, https:\/\/juliancastiblanco.com\/web\/wp-content\/uploads\/2021\/04\/WhatsApp-Image-2020-03-24-at-12.35.41-PM-300x95.jpeg 300w, https:\/\/juliancastiblanco.com\/web\/wp-content\/uploads\/2021\/04\/WhatsApp-Image-2020-03-24-at-12.35.41-PM-768x243.jpeg 768w, https:\/\/juliancastiblanco.com\/web\/wp-content\/uploads\/2021\/04\/WhatsApp-Image-2020-03-24-at-12.35.41-PM-810x256.jpeg 810w\" sizes=\"auto, (max-width: 832px) 100vw, 832px\" \/><\/a><\/p>\n<blockquote><p><span style=\"color: #000000;\">\u00a0\u00bf<a style=\"color: #000000;\" href=\"https:\/\/juliancastiblanco.com\/web\/fabricas-de-productividad\/\" target=\"_top\" rel=\"noopener\">C\u00f3mo saber si usted aplica fabricas de Productividad?<\/a><\/span><\/p><\/blockquote>\n<p>&nbsp;<\/p>\n<p><img loading=\"lazy\" decoding=\"async\" class=\"alignnone size-full wp-image-7491\" src=\"https:\/\/juliancastiblanco.com\/web\/wp-content\/uploads\/2021\/04\/nota-810x456-1.png\" alt=\"\" width=\"810\" height=\"456\" srcset=\"https:\/\/juliancastiblanco.com\/web\/wp-content\/uploads\/2021\/04\/nota-810x456-1.png 810w, https:\/\/juliancastiblanco.com\/web\/wp-content\/uploads\/2021\/04\/nota-810x456-1-300x169.png 300w, https:\/\/juliancastiblanco.com\/web\/wp-content\/uploads\/2021\/04\/nota-810x456-1-768x432.png 768w\" sizes=\"auto, (max-width: 810px) 100vw, 810px\" \/><\/p>\n<p>&nbsp;<\/p>\n<blockquote><p><span style=\"color: #000000;\"><a style=\"color: #000000;\" href=\"https:\/\/juliancastiblanco.com\/web\/fabricas-de-productividad-juliancastiblanco-com-e-ingenieros-de-marketing-llevando-transformacion-digital-a-todo-el-caribe-y-se-expande-a-otras-regiones\/\" target=\"_top\" rel=\"noopener\">F\u00e1bricas de productividad, juliancastiblanco.com e ingenieros de marketing llevando transformaci\u00f3n digital a todo el caribe y se expande a otras regiones<\/a><\/span><\/p><\/blockquote>\n<p><img loading=\"lazy\" decoding=\"async\" class=\"alignnone size-full wp-image-7490\" src=\"https:\/\/juliancastiblanco.com\/web\/wp-content\/uploads\/2021\/04\/Portadas-Web-Noticias-II-12-810x456-1.png\" alt=\"\" width=\"810\" height=\"456\" srcset=\"https:\/\/juliancastiblanco.com\/web\/wp-content\/uploads\/2021\/04\/Portadas-Web-Noticias-II-12-810x456-1.png 810w, https:\/\/juliancastiblanco.com\/web\/wp-content\/uploads\/2021\/04\/Portadas-Web-Noticias-II-12-810x456-1-300x169.png 300w, https:\/\/juliancastiblanco.com\/web\/wp-content\/uploads\/2021\/04\/Portadas-Web-Noticias-II-12-810x456-1-768x432.png 768w\" sizes=\"auto, (max-width: 810px) 100vw, 810px\" \/><\/p>\n<blockquote><p><span style=\"color: #000000;\"><a style=\"color: #000000;\" href=\"https:\/\/juliancastiblanco.com\/web\/testimonio-bluedive-escuela-de-buceo-en-el-programa-fabricas-de-productividad-linea-transformacion-digital\/\" target=\"_top\" rel=\"noopener\">Testimonio BlueDive Escuela de Buceo en el Programa F\u00e1bricas de Productividad L\u00ednea Transformaci\u00f3n Digital<\/a><\/span><\/p><\/blockquote>\n<p>&nbsp;<\/p>\n<p><strong>SI TIENES PREGUNTAS<\/strong><\/p>\n<p>Env\u00edamelas al\u00a0<a href=\"https:\/\/wa.link\/n3rd6v\" target=\"_blank\" rel=\"noopener\">https:\/\/wa.link\/n3rd6v<\/a><\/p>\n<p>&nbsp;<\/p>\n<p><img loading=\"lazy\" decoding=\"async\" class=\"size-thumbnail wp-image-7295\" src=\"https:\/\/juliancastiblanco.com\/web\/wp-content\/uploads\/2021\/03\/Imagen-de-iOS-1-150x150.jpg\" alt=\"\" width=\"150\" height=\"150\" \/><\/p>\n<p>_________________________________<\/p>\n<p><b>Juli\u00e1n Castiblanco<\/b><\/p>\n<p>CEO Ingenieros de Marketing<\/p>\n<p>Email:\u00a0<a href=\"mailto:coach@ingenierosdemarketing.com.co\">coach@ingenierosdemarketing.com.co<\/a><\/p>\n<p><a href=\"http:\/\/www.ingenierosdemarketing.com.co\/\">www.ingenierosdemarketing.com.co<\/a><\/p>\n<p><a href=\"http:\/\/www.juliancastiblanco.com\/\">www.JulianCastiblanco.com<\/a><\/p>\n<p>Dise\u00f1o hecho en<em><strong><a href=\"https:\/\/www.canva.com\/join\/ytd-kqr-yjm\" target=\"_blank\" rel=\"noopener\"> CANVA<\/a><\/strong><\/em><\/p>\n<p>Fuente: https:\/\/www.mincit.gov.co\/prensa\/noticias\/industria\/fabricas-productividad-ataca-problemas-de-empresas<\/p>\n<p>&nbsp;<\/p>\n<p>&nbsp;<\/p>\n<p>&nbsp;<\/p>\n","protected":false},"excerpt":{"rendered":"<p>El programa, liderado por MinComercio y Colombia Productiva, en alianza con c\u00e1maras de comercio, ha mejorado los indicadores de productividad de m\u00e1s de 2.650 firmas en 27 departamentos. \u00a0 La [&hellip;]<\/p>\n","protected":false},"author":4,"featured_media":7485,"comment_status":"closed","ping_status":"closed","sticky":false,"template":"","format":"standard","meta":{"footnotes":""},"categories":[7,21,98,23,27,9],"tags":[],"class_list":["post-7478","post","type-post","status-publish","format-standard","has-post-thumbnail","hentry","category-economia","category-emprendimiento","category-gerentes","category-julian-castiblanco","category-ministerios","category-tecnologia"],"_links":{"self":[{"href":"https:\/\/juliancastiblanco.com\/web\/wp-json\/wp\/v2\/posts\/7478","targetHints":{"allow":["GET"]}}],"collection":[{"href":"https:\/\/juliancastiblanco.com\/web\/wp-json\/wp\/v2\/posts"}],"about":[{"href":"https:\/\/juliancastiblanco.com\/web\/wp-json\/wp\/v2\/types\/post"}],"author":[{"embeddable":true,"href":"https:\/\/juliancastiblanco.com\/web\/wp-json\/wp\/v2\/users\/4"}],"replies":[{"embeddable":true,"href":"https:\/\/juliancastiblanco.com\/web\/wp-json\/wp\/v2\/comments?post=7478"}],"version-history":[{"count":7,"href":"https:\/\/juliancastiblanco.com\/web\/wp-json\/wp\/v2\/posts\/7478\/revisions"}],"predecessor-version":[{"id":7493,"href":"https:\/\/juliancastiblanco.com\/web\/wp-json\/wp\/v2\/posts\/7478\/revisions\/7493"}],"wp:featuredmedia":[{"embeddable":true,"href":"https:\/\/juliancastiblanco.com\/web\/wp-json\/wp\/v2\/media\/7485"}],"wp:attachment":[{"href":"https:\/\/juliancastiblanco.com\/web\/wp-json\/wp\/v2\/media?parent=7478"}],"wp:term":[{"taxonomy":"category","embeddable":true,"href":"https:\/\/juliancastiblanco.com\/web\/wp-json\/wp\/v2\/categories?post=7478"},{"taxonomy":"post_tag","embeddable":true,"href":"https:\/\/juliancastiblanco.com\/web\/wp-json\/wp\/v2\/tags?post=7478"}],"curies":[{"name":"wp","href":"https:\/\/api.w.org\/{rel}","templated":true}]}}