{"id":8059,"date":"2021-08-06T14:02:32","date_gmt":"2021-08-06T14:02:32","guid":{"rendered":"https:\/\/juliancastiblanco.com\/web\/?p=8059"},"modified":"2021-08-06T14:05:37","modified_gmt":"2021-08-06T14:05:37","slug":"programa-alianzas-por-la-reactivacion-proveedores-mas-competitivos","status":"publish","type":"post","link":"https:\/\/juliancastiblanco.com\/web\/programa-alianzas-por-la-reactivacion-proveedores-mas-competitivos\/","title":{"rendered":"Programa \u2018Alianzas por la Reactivaci\u00f3n, proveedores m\u00e1s competitivos\u2019"},"content":{"rendered":"<p>El programa \u2018Alianzas por la Reactivaci\u00f3n, proveedores m\u00e1s competitivos\u2019, presentado hoy, mejorar\u00e1 las capacidades productivas de 2.514 mipymes nacionales para que puedan ampliar sus negocios y ser mejores proveedoras de grandes empresas ancla dentro y fuera del pa\u00eds.<\/p>\n<p>El Ministerio de Comercio, Industria y Turismo, Colombia Productiva y Banc\u00f3ldex, con la cooperaci\u00f3n del Fondo Abu Dabi para el Desarrollo, presentaron el programa. Los beneficiarios podr\u00e1n participar de encuentros empresariales y acceder a diagn\u00f3sticos especializados -para identificar los problemas que enfrentan seg\u00fan su sector-, asistencia t\u00e9cnica y financiamiento.<\/p>\n<p>Lectura Recomendada<\/p>\n<p><img loading=\"lazy\" decoding=\"async\" class=\"alignnone size-full wp-image-5649\" src=\"https:\/\/juliancastiblanco.com\/web\/wp-content\/uploads\/2020\/09\/Oceanos-violeta-identificando-tu-nicho-maduro-1.png\" alt=\"\" width=\"1920\" height=\"1080\" srcset=\"https:\/\/juliancastiblanco.com\/web\/wp-content\/uploads\/2020\/09\/Oceanos-violeta-identificando-tu-nicho-maduro-1.png 1920w, https:\/\/juliancastiblanco.com\/web\/wp-content\/uploads\/2020\/09\/Oceanos-violeta-identificando-tu-nicho-maduro-1-300x169.png 300w, https:\/\/juliancastiblanco.com\/web\/wp-content\/uploads\/2020\/09\/Oceanos-violeta-identificando-tu-nicho-maduro-1-1024x576.png 1024w, https:\/\/juliancastiblanco.com\/web\/wp-content\/uploads\/2020\/09\/Oceanos-violeta-identificando-tu-nicho-maduro-1-768x432.png 768w, https:\/\/juliancastiblanco.com\/web\/wp-content\/uploads\/2020\/09\/Oceanos-violeta-identificando-tu-nicho-maduro-1-1536x864.png 1536w, https:\/\/juliancastiblanco.com\/web\/wp-content\/uploads\/2020\/09\/Oceanos-violeta-identificando-tu-nicho-maduro-1-810x456.png 810w, https:\/\/juliancastiblanco.com\/web\/wp-content\/uploads\/2020\/09\/Oceanos-violeta-identificando-tu-nicho-maduro-1-1140x641.png 1140w\" sizes=\"auto, (max-width: 1920px) 100vw, 1920px\" \/><\/p>\n<blockquote class=\"wp-embedded-content\" data-secret=\"LUKq6bXN89\"><p><a href=\"https:\/\/juliancastiblanco.com\/web\/oceanos-violeta-identificando-tu-nicho-maduro\/\">Oc\u00e9anos Violeta: Identificando tu Nicho Maduro<\/a><\/p><\/blockquote>\n<p><iframe loading=\"lazy\" class=\"wp-embedded-content\" sandbox=\"allow-scripts\" security=\"restricted\" style=\"position: absolute; clip: rect(1px, 1px, 1px, 1px);\" title=\"\u00abOc\u00e9anos Violeta: Identificando tu Nicho Maduro\u00bb \u2014 JulianCastiblanco.com\" src=\"https:\/\/juliancastiblanco.com\/web\/oceanos-violeta-identificando-tu-nicho-maduro\/embed\/#?secret=LUKq6bXN89\" data-secret=\"LUKq6bXN89\" width=\"600\" height=\"338\" frameborder=\"0\" marginwidth=\"0\" marginheight=\"0\" scrolling=\"no\"><\/iframe><\/p>\n<p>Es la iniciativa de mejora de proveedur\u00eda con mayor impacto en la historia reciente del pa\u00eds, con recursos por 10 millones de d\u00f3lares, donados por el Gobierno de Emiratos \u00c1rabes. Se invertir\u00e1n en los pr\u00f3ximos 11 meses para que las mipymes de 12 sectores estrat\u00e9gicos sean m\u00e1s competitivas y cumplan las condiciones que el mercado exige con el fin de hacer m\u00e1s negocios con grandes compa\u00f1\u00edas compradoras, mejor conocidas como empresas ancla.<\/p>\n<p>\u201cAlianzas para la Reactivaci\u00f3n responde a ese llamado reiterado de los gremios por programas especializados con un impacto masivo en el tejido empresarial, y que aporte a su reactivaci\u00f3n econ\u00f3mica segura en el corto, mediano y largo plazo. Es la primera vez que se invertir\u00e1n recursos de esta magnitud orientados a sectores que en el a\u00f1o 2020 sumaron exportaciones por USD 9.079 millones y generaron cerca de 2,8 millones de empleos\u201d, explic\u00f3 la ministra de Comercio, Industria y Turismo, Mar\u00eda Ximena Lombana.<\/p>\n<p>El programa est\u00e1 dise\u00f1ado para impactar las micro, peque\u00f1as y medianas empresas de los sectores de construcci\u00f3n, alimentos procesados, moda, cosm\u00e9ticos, turismo, pl\u00e1sticos, software-comercio electr\u00f3nico, automotor, aeron\u00e1utico, qu\u00edmicos, BPO y fitoterap\u00e9uticos.<\/p>\n<p>Para el presidente de Colombia Productiva, Camilo Fern\u00e1ndez de Soto, \u201cAlianzas para la Reactivaci\u00f3n responde al reto de tener mipymes mejor preparadas seg\u00fan las exigencias de los compradores, dado el impacto que tienen para el pa\u00eds: representan el 99,5% del tejido empresarial, generan cerca del 80% del empleo y aportan el 45% del Producto Interno Bruto\u201d.<\/p>\n<p>\u00bfC\u00f3mo funciona Alianzas para la Reactivaci\u00f3n?<\/p>\n<p>Del total de los recursos, USD 5 millones ser\u00e1n invertidos, a trav\u00e9s de Colombia Productiva, en el desarrollo de la asistencia t\u00e9cnica que busca mejorar competencias de las mipymes para elevar su capacidad de reacci\u00f3n frente a requisitos de los clientes en temas como cantidad, precio y procesos log\u00edsticos.<\/p>\n<p>As\u00ed mismo, mejorar\u00e1n sus capacidades t\u00e9cnicas, operativas, financieras, productivas, de transformaci\u00f3n digital y de sostenibilidad, necesarios para insertarse en cadenas regionales y globales de valor.<\/p>\n<ol>\n<li>Las empresas ser\u00e1n seleccionadas a trav\u00e9s de 12 convocatorias p\u00fablicas, una por cada sector, que contar\u00e1n con el acompa\u00f1amiento de entidades especializadas. Las postulaciones pueden hacerse en <a href=\"http:\/\/www.colombiaproductiva.com\">www.colombiaproductiva.com\u00a0<\/a><\/li>\n<\/ol>\n<p>Con los USD 5 millones restantes, a trav\u00e9s de Banc\u00f3ldex se crear\u00e1n soluciones financieras que responder\u00e1n a las necesidades de las mipymes. Estos recursos permitir\u00e1n poner en el mercado dos productos: cr\u00e9dito y descuento de facturas, con tasas preferenciales y plazos amplios. El descuento de facturas facilitar\u00e1 el cierre de negociaciones comerciales con posibles compradores.<\/p>\n<p>Lectura recomendada<\/p>\n<p><img decoding=\"async\" src=\"https:\/\/juliancastiblanco.com\/web\/wp-content\/uploads\/2021\/01\/Captura-de-Pantalla-2021-01-09-a-las-6.46.49-a.-m.-810x495.png\" \/><\/p>\n<blockquote class=\"wp-embedded-content\" data-secret=\"3v5QbVfuwA\"><p><a href=\"https:\/\/juliancastiblanco.com\/web\/este-ano-si-lecciones-aprendidas\/\">Este a\u00f1o s\u00ed&#8230; Lecciones aprendidas<\/a><\/p><\/blockquote>\n<p><iframe loading=\"lazy\" class=\"wp-embedded-content\" sandbox=\"allow-scripts\" security=\"restricted\" style=\"position: absolute; clip: rect(1px, 1px, 1px, 1px);\" title=\"\u00abEste a\u00f1o s\u00ed&#8230; Lecciones aprendidas\u00bb \u2014 JulianCastiblanco.com\" src=\"https:\/\/juliancastiblanco.com\/web\/este-ano-si-lecciones-aprendidas\/embed\/#?secret=3v5QbVfuwA\" data-secret=\"3v5QbVfuwA\" width=\"600\" height=\"338\" frameborder=\"0\" marginwidth=\"0\" marginheight=\"0\" scrolling=\"no\"><\/iframe><\/p>\n<p>Javier D\u00edaz Fajardo, presidente de Banc\u00f3ldex, anot\u00f3 que el acompa\u00f1amiento a las empresas se complementar\u00e1 con los cr\u00e9ditos para implementar los cambios o adecuaciones que requieran en el marco de su fortalecimiento: \u201cestos recursos de cooperaci\u00f3n nos permitir\u00e1n ofrecerles a los empresarios participantes del programa una oferta financiera de aproximadamente 160.000 millones de pesos, a trav\u00e9s del cr\u00e9dito y el descuento de facturas, para capital de trabajo o inversiones para reconversi\u00f3n y modernizaci\u00f3n productiva que ayuden a las empresas a cumplir est\u00e1ndares de producci\u00f3n\u201d.<\/p>\n<p>Fuente:<\/p>\n<p><a href=\"https:\/\/www.colombiaproductiva.com\/ptp-servicios\/ptp-proyectos\/alianzas-reactivacion\">https:\/\/www.colombiaproductiva.com\/ptp-servicios\/ptp-proyectos\/alianzas-reactivacion<\/a><\/p>\n<p>&nbsp;<\/p>\n<p><span data-contrast=\"auto\">Reproducido por: Esperanza Herrera<\/span><br \/>\n<span data-contrast=\"auto\">Contenidos Digitales Ingenieros de Marketing<\/span><br \/>\n<span data-contrast=\"auto\">________________________________<\/span><br \/>\n<a href=\"http:\/\/www.ingenierosdemarketing.com.cowww.juliancastiblanco.comwww.deceroasapo.com\/\"><span data-contrast=\"auto\">www.ingenierosdemarketing.com.co<\/span><br \/>\n<span data-contrast=\"auto\">www.JulianCastiblanco.com<\/span><br \/>\n<span data-contrast=\"auto\">www.deceroasapo.com<\/span><\/a><\/p>\n","protected":false},"excerpt":{"rendered":"<p>El programa \u2018Alianzas por la Reactivaci\u00f3n, proveedores m\u00e1s competitivos\u2019, presentado hoy, mejorar\u00e1 las capacidades productivas de 2.514 mipymes nacionales para que puedan ampliar sus negocios y ser mejores proveedoras de [&hellip;]<\/p>\n","protected":false},"author":4,"featured_media":8060,"comment_status":"closed","ping_status":"closed","sticky":false,"template":"","format":"standard","meta":{"footnotes":""},"categories":[9],"tags":[],"class_list":["post-8059","post","type-post","status-publish","format-standard","has-post-thumbnail","hentry","category-tecnologia"],"_links":{"self":[{"href":"https:\/\/juliancastiblanco.com\/web\/wp-json\/wp\/v2\/posts\/8059","targetHints":{"allow":["GET"]}}],"collection":[{"href":"https:\/\/juliancastiblanco.com\/web\/wp-json\/wp\/v2\/posts"}],"about":[{"href":"https:\/\/juliancastiblanco.com\/web\/wp-json\/wp\/v2\/types\/post"}],"author":[{"embeddable":true,"href":"https:\/\/juliancastiblanco.com\/web\/wp-json\/wp\/v2\/users\/4"}],"replies":[{"embeddable":true,"href":"https:\/\/juliancastiblanco.com\/web\/wp-json\/wp\/v2\/comments?post=8059"}],"version-history":[{"count":3,"href":"https:\/\/juliancastiblanco.com\/web\/wp-json\/wp\/v2\/posts\/8059\/revisions"}],"predecessor-version":[{"id":8063,"href":"https:\/\/juliancastiblanco.com\/web\/wp-json\/wp\/v2\/posts\/8059\/revisions\/8063"}],"wp:featuredmedia":[{"embeddable":true,"href":"https:\/\/juliancastiblanco.com\/web\/wp-json\/wp\/v2\/media\/8060"}],"wp:attachment":[{"href":"https:\/\/juliancastiblanco.com\/web\/wp-json\/wp\/v2\/media?parent=8059"}],"wp:term":[{"taxonomy":"category","embeddable":true,"href":"https:\/\/juliancastiblanco.com\/web\/wp-json\/wp\/v2\/categories?post=8059"},{"taxonomy":"post_tag","embeddable":true,"href":"https:\/\/juliancastiblanco.com\/web\/wp-json\/wp\/v2\/tags?post=8059"}],"curies":[{"name":"wp","href":"https:\/\/api.w.org\/{rel}","templated":true}]}}