{"id":8405,"date":"2021-08-28T16:23:34","date_gmt":"2021-08-28T16:23:34","guid":{"rendered":"https:\/\/juliancastiblanco.com\/web\/?p=8405"},"modified":"2021-08-28T16:53:44","modified_gmt":"2021-08-28T16:53:44","slug":"brechas-de-uso-de-whatsapp-facebook-instagram-google-y-youtube-en-colombia","status":"publish","type":"post","link":"https:\/\/juliancastiblanco.com\/web\/brechas-de-uso-de-whatsapp-facebook-instagram-google-y-youtube-en-colombia\/","title":{"rendered":"Brechas de Uso de Whatsapp, Facebook, Instagram, Google y Youtube en Colombia"},"content":{"rendered":"<div class=\"lead\">\n<p>En un mundo cada vez m\u00e1s digitalizado con diferentes plataformas de consumo, streaming, redes sociales y de edici\u00f3n, entre otras, las brechas en el uso de las mismas pueden incrementarse dependiendo del nivel socioecon\u00f3mico de los usuarios.<\/p>\n<p>A esa conclusi\u00f3n permite llegar la m\u00e1s reciente encuesta de YanHaas Poll, en la que se analiza el consumo de las diferentes plataformas digitales por cada estrato.<\/p>\n<blockquote>\n<h4>Articulo recomendado<\/h4>\n<p><img loading=\"lazy\" decoding=\"async\" class=\"alignnone size-full wp-image-8386\" src=\"https:\/\/juliancastiblanco.com\/web\/wp-content\/uploads\/2021\/08\/Socry-public-big-data.jpeg\" alt=\"\" width=\"1280\" height=\"720\" srcset=\"https:\/\/juliancastiblanco.com\/web\/wp-content\/uploads\/2021\/08\/Socry-public-big-data.jpeg 1280w, https:\/\/juliancastiblanco.com\/web\/wp-content\/uploads\/2021\/08\/Socry-public-big-data-300x169.jpeg 300w, https:\/\/juliancastiblanco.com\/web\/wp-content\/uploads\/2021\/08\/Socry-public-big-data-1024x576.jpeg 1024w, https:\/\/juliancastiblanco.com\/web\/wp-content\/uploads\/2021\/08\/Socry-public-big-data-768x432.jpeg 768w, https:\/\/juliancastiblanco.com\/web\/wp-content\/uploads\/2021\/08\/Socry-public-big-data-810x456.jpeg 810w, https:\/\/juliancastiblanco.com\/web\/wp-content\/uploads\/2021\/08\/Socry-public-big-data-1140x641.jpeg 1140w\" sizes=\"auto, (max-width: 1280px) 100vw, 1280px\" \/><\/p><\/blockquote>\n<blockquote class=\"wp-embedded-content\" data-secret=\"WpOvOTQaxN\"><p><a href=\"https:\/\/juliancastiblanco.com\/web\/public-bigdata-para-tomar-desiciones-inteligentes-a-tiempo\/\">SOCRY: Public BigData para tomar decisiones inteligentes a TIEMPO<\/a><\/p><\/blockquote>\n<p><iframe loading=\"lazy\" class=\"wp-embedded-content\" sandbox=\"allow-scripts\" security=\"restricted\" style=\"position: absolute; clip: rect(1px, 1px, 1px, 1px);\" title=\"\u00abSOCRY: Public BigData para tomar decisiones inteligentes a TIEMPO\u00bb \u2014 JulianCastiblanco.com\" src=\"https:\/\/juliancastiblanco.com\/web\/public-bigdata-para-tomar-desiciones-inteligentes-a-tiempo\/embed\/#?secret=WpOvOTQaxN\" data-secret=\"WpOvOTQaxN\" width=\"600\" height=\"338\" frameborder=\"0\" marginwidth=\"0\" marginheight=\"0\" scrolling=\"no\"><\/iframe><\/p>\n<p>De acuerdo con los resultados, WhatsApp, con m\u00e1s de 92%, es la plataforma m\u00e1s usada en todos los niveles socioecon\u00f3micos y, junto a Facebook, es la que menos brechas presenta. En el lado opuesto est\u00e1 LinkedIn, una red social poco usada en los estratos bajos, con solo 8,2%, cuyo uso se incrementa a medida que aumenta el nivel socioecon\u00f3mico de las personas.<\/p>\n<p>&nbsp;<\/p>\n<h4>Veamos un resumen:<\/h4>\n<p><img loading=\"lazy\" decoding=\"async\" class=\"\" title=\"\" src=\"https:\/\/img.lalr.co\/cms\/2021\/08\/27163626\/inteco_brechas_p15_sabado.jpg\" alt=\"\" width=\"1200\" height=\"2177\" \/><\/p>\n<\/div>\n<div class=\"html-content\">\n<p>&nbsp;<\/p>\n<\/div>\n<blockquote>\n<h3><a href=\"https:\/\/www.dropbox.com\/s\/1q5axwp5kxy12o5\/Encuesta%20Brechas%20Redes%20Colombia.pdf?dl=0\">DESCARGA LA ENCUESTA COMPLETA\u00a0 AQUI<\/a><\/h3>\n<\/blockquote>\n<p>&nbsp;<\/p>\n<blockquote>\n<h4>Articulo recomendado<\/h4>\n<p><img decoding=\"async\" src=\"https:\/\/juliancastiblanco.com\/web\/wp-content\/uploads\/2021\/02\/Portadas-Web-Noticias-20-810x456.png\" \/><\/p><\/blockquote>\n<blockquote class=\"wp-embedded-content\" data-secret=\"hnMwip2HEh\"><p><a href=\"https:\/\/juliancastiblanco.com\/web\/el-rol-del-consejero-digital-en-las-empresas-imk\/\">El rol del consejero digital en las empresas<\/a><\/p><\/blockquote>\n<p><iframe loading=\"lazy\" class=\"wp-embedded-content\" sandbox=\"allow-scripts\" security=\"restricted\" style=\"position: absolute; clip: rect(1px, 1px, 1px, 1px);\" title=\"\u00abEl rol del consejero digital en las empresas\u00bb \u2014 JulianCastiblanco.com\" src=\"https:\/\/juliancastiblanco.com\/web\/el-rol-del-consejero-digital-en-las-empresas-imk\/embed\/#?secret=hnMwip2HEh\" data-secret=\"hnMwip2HEh\" width=\"600\" height=\"338\" frameborder=\"0\" marginwidth=\"0\" marginheight=\"0\" scrolling=\"no\"><\/iframe><\/p>\n<p>&nbsp;<\/p>\n<p>Fuente:<\/p>\n<p><a href=\"https:\/\/www.larepublica.co\/internet-economy\/linkedin-es-la-plataforma-que-mas-presenta-brechas-por-niveles-socioeconomicos-3223723\">https:\/\/www.larepublica.co\/internet-economy\/linkedin-es-la-plataforma-que-mas-presenta-brechas-por-niveles-socioeconomicos-3223723<\/a><\/p>\n<p>&nbsp;<\/p>\n<p><span data-contrast=\"none\">_______________________________<\/span><\/p>\n<p><span data-contrast=\"none\">Reproducido por Esperanza Herrera<\/span><\/p>\n<p><span data-contrast=\"none\">Contenidos Digitales Ingenieros de Marketing<\/span><\/p>\n<p><a href=\"http:\/\/www.ingenierosdemarketing.com.co\/\"><span data-contrast=\"auto\">www.ingenierosdemarketing.com.co<\/span><\/a><\/p>\n<p><a href=\"http:\/\/www.juliancastiblanco.com\/\"><span data-contrast=\"auto\">www.JulianCastiblanco.com<\/span><\/a><\/p>\n<p><a href=\"http:\/\/www.deceroasapo.com\/\"><span data-contrast=\"auto\">www.deceroasapo.com<\/span><\/a><\/p>\n","protected":false},"excerpt":{"rendered":"<p>En un mundo cada vez m\u00e1s digitalizado con diferentes plataformas de consumo, streaming, redes sociales y de edici\u00f3n, entre otras, las brechas en el uso de las mismas pueden incrementarse [&hellip;]<\/p>\n","protected":false},"author":4,"featured_media":8407,"comment_status":"closed","ping_status":"closed","sticky":false,"template":"","format":"standard","meta":{"footnotes":""},"categories":[9],"tags":[],"class_list":["post-8405","post","type-post","status-publish","format-standard","has-post-thumbnail","hentry","category-tecnologia"],"_links":{"self":[{"href":"https:\/\/juliancastiblanco.com\/web\/wp-json\/wp\/v2\/posts\/8405","targetHints":{"allow":["GET"]}}],"collection":[{"href":"https:\/\/juliancastiblanco.com\/web\/wp-json\/wp\/v2\/posts"}],"about":[{"href":"https:\/\/juliancastiblanco.com\/web\/wp-json\/wp\/v2\/types\/post"}],"author":[{"embeddable":true,"href":"https:\/\/juliancastiblanco.com\/web\/wp-json\/wp\/v2\/users\/4"}],"replies":[{"embeddable":true,"href":"https:\/\/juliancastiblanco.com\/web\/wp-json\/wp\/v2\/comments?post=8405"}],"version-history":[{"count":4,"href":"https:\/\/juliancastiblanco.com\/web\/wp-json\/wp\/v2\/posts\/8405\/revisions"}],"predecessor-version":[{"id":8411,"href":"https:\/\/juliancastiblanco.com\/web\/wp-json\/wp\/v2\/posts\/8405\/revisions\/8411"}],"wp:featuredmedia":[{"embeddable":true,"href":"https:\/\/juliancastiblanco.com\/web\/wp-json\/wp\/v2\/media\/8407"}],"wp:attachment":[{"href":"https:\/\/juliancastiblanco.com\/web\/wp-json\/wp\/v2\/media?parent=8405"}],"wp:term":[{"taxonomy":"category","embeddable":true,"href":"https:\/\/juliancastiblanco.com\/web\/wp-json\/wp\/v2\/categories?post=8405"},{"taxonomy":"post_tag","embeddable":true,"href":"https:\/\/juliancastiblanco.com\/web\/wp-json\/wp\/v2\/tags?post=8405"}],"curies":[{"name":"wp","href":"https:\/\/api.w.org\/{rel}","templated":true}]}}