{"id":8414,"date":"2021-08-30T16:04:09","date_gmt":"2021-08-30T16:04:09","guid":{"rendered":"https:\/\/juliancastiblanco.com\/web\/?p=8414"},"modified":"2021-08-30T16:13:52","modified_gmt":"2021-08-30T16:13:52","slug":"nomina-electronica-lo-basico-que-debes-hacer","status":"publish","type":"post","link":"https:\/\/juliancastiblanco.com\/web\/nomina-electronica-lo-basico-que-debes-hacer\/","title":{"rendered":"N\u00f3mina Electr\u00f3nica,  lo b\u00e1sico que debes hacer"},"content":{"rendered":"<p>El pasado 1 de agosto comenz\u00f3 la cuenta regresiva del plazo final para que las empresas puedan habilitarse como emisoras de n\u00f3mina electr\u00f3nica. Seg\u00fan la Dian, esta nueva funci\u00f3n estar\u00e1 dentro del sistema de facturaci\u00f3n electr\u00f3nica, y su habilitaci\u00f3n se har\u00e1 de manera progresiva, de acuerdo a la cantidad de empleados que tenga cada compa\u00f1\u00eda.<\/p>\n<p>De acuerdo con la Dian, el primer grupo ser\u00e1n las grandes empresas (empresas de m\u00e1s de 250 trabajadores), que deber\u00e1n comenzar a realizar los env\u00edos de manera mensual, independientemente de que se realicen pagos en periodos diferentes y dentro de los diez primeros d\u00edas del mes siguiente al cual corresponde el pago.<\/p>\n<blockquote>\n<h4>Lectura recomendada<\/h4>\n<p><img loading=\"lazy\" decoding=\"async\" class=\"alignnone size-full wp-image-8386\" src=\"https:\/\/juliancastiblanco.com\/web\/wp-content\/uploads\/2021\/08\/Socry-public-big-data.jpeg\" alt=\"\" width=\"1280\" height=\"720\" srcset=\"https:\/\/juliancastiblanco.com\/web\/wp-content\/uploads\/2021\/08\/Socry-public-big-data.jpeg 1280w, https:\/\/juliancastiblanco.com\/web\/wp-content\/uploads\/2021\/08\/Socry-public-big-data-300x169.jpeg 300w, https:\/\/juliancastiblanco.com\/web\/wp-content\/uploads\/2021\/08\/Socry-public-big-data-1024x576.jpeg 1024w, https:\/\/juliancastiblanco.com\/web\/wp-content\/uploads\/2021\/08\/Socry-public-big-data-768x432.jpeg 768w, https:\/\/juliancastiblanco.com\/web\/wp-content\/uploads\/2021\/08\/Socry-public-big-data-810x456.jpeg 810w, https:\/\/juliancastiblanco.com\/web\/wp-content\/uploads\/2021\/08\/Socry-public-big-data-1140x641.jpeg 1140w\" sizes=\"auto, (max-width: 1280px) 100vw, 1280px\" \/><\/p>\n<p>https:\/\/juliancastiblanco.com\/web\/public-bigdata-para-tomar-desiciones-inteligentes-a-tiempo\/<\/p><\/blockquote>\n<p>\u201cLa implementaci\u00f3n de la n\u00f3mina electr\u00f3nica es un cambio importante para el sector del servicio temporal pues tanto los clientes como nosotros las EST debemos estar muy en sincron\u00eda para no perjudicarnos, as\u00ed como lo hicimos con la facturaci\u00f3n electr\u00f3nica\u201d \u2013 comenta Juan Fernando Mesa, Gerente de Ayuda Temporal del Caribe del grupo empresarial Aliados Productivos.<\/p>\n<p>La n\u00f3mina electr\u00f3nica que debe ser enviada a la Dian y validada por esta, hace referencia a la generaci\u00f3n del soporte del pago de la n\u00f3mina electr\u00f3nica, de acuerdo a los requerimientos t\u00e9cnicos la resoluci\u00f3n 0013 de 11 de febrero de 2021. La n\u00f3mina como tal es generada por el aplicativo de n\u00f3mina que tenga cada software contable, o generada manualmente por cada empleador. Este es un procedimiento independiente a la generaci\u00f3n de soporte de pago electr\u00f3nico que se env\u00eda a la Dian, que es de lo que trata la resoluci\u00f3n 0013 de 2021.<\/p>\n<p>&nbsp;<\/p>\n<blockquote>\n<h4>Lectura recomendada<\/h4>\n<p><img decoding=\"async\" src=\"https:\/\/juliancastiblanco.com\/web\/wp-content\/uploads\/2021\/02\/Portadas-Web-Noticias-20-810x456.png\" \/><\/p>\n<p>https:\/\/juliancastiblanco.com\/web\/el-rol-del-consejero-digital-en-las-empresas-imk\/<\/p><\/blockquote>\n<p>\u00bfC\u00f3mo funciona la n\u00f3mina electr\u00f3nica?<\/p>\n<p>La generaci\u00f3n del documento soporte de pago de n\u00f3mina electr\u00f3nica se debe hacer mediante un software que cumpla con las condiciones t\u00e9cnica se\u00f1aladas por la Dian, y que debe estar validado y aprobado por esta.<\/p>\n<p>Su implementaci\u00f3n de acuerdo con el art\u00edculo 6 de la resoluci\u00f3n 013 del 11 de febrero de 2021, modificado por la resoluci\u00f3n 000037 del 2021, a la vez modificado por la resoluci\u00f3n 000063 del 30 de julio de 2021, fija el plazo que tiene los empleadores para implementar la n\u00f3mina electr\u00f3nica de acuerdo al n\u00famero de empleados que tenga.<\/p>\n<figure class=\"wp-block-table is-style-stripes\">\n<table>\n<tbody>\n<tr>\n<td><\/td>\n<td class=\"has-text-align-left\" data-align=\"left\"><strong>N\u00famero de empleados<\/strong><\/td>\n<td><\/td>\n<td><strong>Fecha<\/strong><\/td>\n<\/tr>\n<tr>\n<td><\/td>\n<td class=\"has-text-align-left\" data-align=\"left\">M\u00e1s de 250<\/td>\n<td><\/td>\n<td>1\/09\/2021<\/td>\n<\/tr>\n<tr>\n<td><\/td>\n<td class=\"has-text-align-left\" data-align=\"left\">De 101 a 250<\/td>\n<td><\/td>\n<td>1\/10\/2021<\/td>\n<\/tr>\n<tr>\n<td><\/td>\n<td class=\"has-text-align-left\" data-align=\"left\">De 11 a 100<\/td>\n<td><\/td>\n<td>1\/11\/2021<\/td>\n<\/tr>\n<tr>\n<td><\/td>\n<td class=\"has-text-align-left\" data-align=\"left\">De 1 a 10<\/td>\n<td><\/td>\n<td>1\/12\/2021<\/td>\n<\/tr>\n<\/tbody>\n<\/table><figcaption><strong>Plazo para la implementaci\u00f3n.<\/strong><\/figcaption><\/figure>\n<p>&nbsp;<\/p>\n<p>En conclusi\u00f3n, la n\u00f3mina electr\u00f3nica funciona igual que la factura electr\u00f3nica, pudi\u00e9ndose utilizar un software propio o contratar con u proveedor tecnol\u00f3gico especializado que preste el servicio. As\u00ed como sucedi\u00f3 con la facturaci\u00f3n electr\u00f3nica, en la n\u00f3mina electr\u00f3nica los distintos softwares de contabilidad integrar\u00e1n la n\u00f3mina electr\u00f3nica como un servicio adicional.<\/p>\n<p>En nuestro siguiente art\u00edculo podr\u00e1s conocer m\u00e1s a profundidad lo m\u00e1s importante de esta resoluci\u00f3n.<\/p>\n<p><strong><em>Escrito por: Juan Pablo Mesa Vel\u00e1squez<\/em><\/strong><\/p>\n<p>Fuente: <a href=\"https:\/\/aliadosproductivos.com\/2021\/08\/13\/nomina-electronica-lo-basico-que-debes-saber\/\">https:\/\/aliadosproductivos.com\/2021\/08\/13\/nomina-electronica-lo-basico-que-debes-saber\/<\/a><\/p>\n<p>&nbsp;<\/p>\n<p><span data-contrast=\"none\">_______________________________<\/span><\/p>\n<p><span data-contrast=\"none\">Reproducido por Esperanza Herrera<\/span><\/p>\n<p><span data-contrast=\"none\">Contenidos Digitales Ingenieros de Marketing<\/span><\/p>\n<p><a href=\"http:\/\/www.ingenierosdemarketing.com.co\/\"><span data-contrast=\"auto\">www.ingenierosdemarketing.com.co<\/span><\/a><\/p>\n<p><a href=\"http:\/\/www.juliancastiblanco.com\/\"><span data-contrast=\"auto\">www.JulianCastiblanco.com<\/span><\/a><\/p>\n<p><a href=\"http:\/\/www.deceroasapo.com\/\"><span data-contrast=\"auto\">www.deceroasapo.com<\/span><\/a><\/p>\n","protected":false},"excerpt":{"rendered":"<p>El pasado 1 de agosto comenz\u00f3 la cuenta regresiva del plazo final para que las empresas puedan habilitarse como emisoras de n\u00f3mina electr\u00f3nica. Seg\u00fan la Dian, esta nueva funci\u00f3n estar\u00e1 [&hellip;]<\/p>\n","protected":false},"author":4,"featured_media":8415,"comment_status":"closed","ping_status":"closed","sticky":false,"template":"","format":"standard","meta":{"footnotes":""},"categories":[9],"tags":[],"class_list":["post-8414","post","type-post","status-publish","format-standard","has-post-thumbnail","hentry","category-tecnologia"],"_links":{"self":[{"href":"https:\/\/juliancastiblanco.com\/web\/wp-json\/wp\/v2\/posts\/8414","targetHints":{"allow":["GET"]}}],"collection":[{"href":"https:\/\/juliancastiblanco.com\/web\/wp-json\/wp\/v2\/posts"}],"about":[{"href":"https:\/\/juliancastiblanco.com\/web\/wp-json\/wp\/v2\/types\/post"}],"author":[{"embeddable":true,"href":"https:\/\/juliancastiblanco.com\/web\/wp-json\/wp\/v2\/users\/4"}],"replies":[{"embeddable":true,"href":"https:\/\/juliancastiblanco.com\/web\/wp-json\/wp\/v2\/comments?post=8414"}],"version-history":[{"count":2,"href":"https:\/\/juliancastiblanco.com\/web\/wp-json\/wp\/v2\/posts\/8414\/revisions"}],"predecessor-version":[{"id":8418,"href":"https:\/\/juliancastiblanco.com\/web\/wp-json\/wp\/v2\/posts\/8414\/revisions\/8418"}],"wp:featuredmedia":[{"embeddable":true,"href":"https:\/\/juliancastiblanco.com\/web\/wp-json\/wp\/v2\/media\/8415"}],"wp:attachment":[{"href":"https:\/\/juliancastiblanco.com\/web\/wp-json\/wp\/v2\/media?parent=8414"}],"wp:term":[{"taxonomy":"category","embeddable":true,"href":"https:\/\/juliancastiblanco.com\/web\/wp-json\/wp\/v2\/categories?post=8414"},{"taxonomy":"post_tag","embeddable":true,"href":"https:\/\/juliancastiblanco.com\/web\/wp-json\/wp\/v2\/tags?post=8414"}],"curies":[{"name":"wp","href":"https:\/\/api.w.org\/{rel}","templated":true}]}}