{"id":8780,"date":"2021-09-23T18:34:58","date_gmt":"2021-09-23T18:34:58","guid":{"rendered":"https:\/\/juliancastiblanco.com\/web\/?p=8780"},"modified":"2021-09-23T18:41:34","modified_gmt":"2021-09-23T18:41:34","slug":"que-nos-pueden-decir-millones-de-conversaciones-online-sobre-como-nos-sentimos","status":"publish","type":"post","link":"https:\/\/juliancastiblanco.com\/web\/que-nos-pueden-decir-millones-de-conversaciones-online-sobre-como-nos-sentimos\/","title":{"rendered":"\u00bfQu\u00e9 nos pueden decir millones de conversaciones online sobre c\u00f3mo nos sentimos?"},"content":{"rendered":"<p class=\"b-hero_desc\"><em><span style=\"font-size: 16px;\">Hemos analizado m\u00e1s de 20 mil millones de fuentes de datos durante\u00a02021 para entender c\u00f3mo utilizamos los emojis y el lenguaje emocional en\u00a0Internet.<\/span><\/em><\/p>\n<section class=\"relative\">\n<div class=\"l-gutter b-intro-text\">\n<div class=\"s-firstBlock c-impactText c-impactText-lg l-container-gutter l-spacingStack-md-bottom l-container b-intro-text_wrap\">\n<p>En este informe, Brandwatch, BuzzSumo y Falcon.io han unido fuerzas para explorar el mundo de las emociones en Internet y as\u00ed ayudar a las empresas y a sus equipos de marketing a tomar mejores decisiones en lo relativo a la comunicaci\u00f3n.<\/p>\n<\/div>\n<\/div>\n<\/section>\n<section class=\"relative\"><span id=\"block-2\" class=\"c-nav-jumplink-offset\"><\/span><\/p>\n<div class=\" l-spacingStack-sm-bottom l-gutter\">\n<div>\n<div class=\"l-container c-editorContent u-theme-editorContent\">\n<p>En \u00e9l, examinamos el uso de emoticonos, lenguaje emocional y reacciones utilizando\u00a0Brandwatch Consumer Research\u00a0y\u00a0BuzzSumo\u00a0para averiguar c\u00f3mo se expresan las organizaciones y los usuarios en la red.<\/p>\n<p>Responderemos a preguntas como:<\/p>\n<ul>\n<li>\u00bfCu\u00e1l es el estado de \u00e1nimo de Internet en 2021?<\/li>\n<li>\u00bfC\u00f3mo expresan los consumidores sus sentimientos en diferentes sectores?<\/li>\n<li>\u00bfQu\u00e9 nos lleva a reaccionar de maneras diferentes en Facebook?<\/li>\n<li>\u00bfCu\u00e1les son los\u00a0<em>emojis<\/em>\u00a0m\u00e1s utilizados en 2021?<\/li>\n<li>\u00bfC\u00f3mo afectan a su uso factores como el g\u00e9nero y la edad?<\/li>\n<li>\u00bfQu\u00e9 opinan los internautas sobre la inclusividad y la representaci\u00f3n de los\u00a0<em>emojis<\/em>?<\/li>\n<\/ul>\n<p>Adem\u00e1s, los expertos de Falcon.io aportan consejos profesionales sobre c\u00f3mo pueden afectar estos insights a tu trabajo.<\/p>\n<h4 id=\"section-el-estado-de-\u00e1nimo-de-internet\">El estado de \u00e1nimo de Internet<\/h4>\n<p>\u00bfQu\u00e9 nos pueden decir millones de conversaciones en l\u00ednea sobre c\u00f3mo se siente una comunidad?<\/p>\n<p>Para responder a esta pregunta, hemos utilizado la segmentaci\u00f3n de emociones que est\u00e1 disponible en varios idiomas dentro de Brandwatch Consumer Research.<\/p>\n<p>Esta funcionalidad analiza y agrupa las conversaciones por emociones: alegr\u00eda, disgusto, tristeza, enfado, miedo y sorpresa.<\/p>\n<blockquote><p>Te puede interesar<\/p>\n<p><img loading=\"lazy\" decoding=\"async\" class=\"alignnone size-full wp-image-8769\" src=\"https:\/\/juliancastiblanco.com\/web\/wp-content\/uploads\/2021\/09\/Tecnologia-blockchain-ingenieros-de-marketing-julian-castiblanco-de-cero-a-sapo-1.jpg\" alt=\"\" width=\"900\" height=\"560\" srcset=\"https:\/\/juliancastiblanco.com\/web\/wp-content\/uploads\/2021\/09\/Tecnologia-blockchain-ingenieros-de-marketing-julian-castiblanco-de-cero-a-sapo-1.jpg 900w, https:\/\/juliancastiblanco.com\/web\/wp-content\/uploads\/2021\/09\/Tecnologia-blockchain-ingenieros-de-marketing-julian-castiblanco-de-cero-a-sapo-1-300x187.jpg 300w, https:\/\/juliancastiblanco.com\/web\/wp-content\/uploads\/2021\/09\/Tecnologia-blockchain-ingenieros-de-marketing-julian-castiblanco-de-cero-a-sapo-1-768x478.jpg 768w, https:\/\/juliancastiblanco.com\/web\/wp-content\/uploads\/2021\/09\/Tecnologia-blockchain-ingenieros-de-marketing-julian-castiblanco-de-cero-a-sapo-1-810x504.jpg 810w\" sizes=\"auto, (max-width: 900px) 100vw, 900px\" \/><\/p>\n<p>https:\/\/juliancastiblanco.com\/web\/tecnologia-blockchain-el-impacto-empresarial-en-el-caribe\/<\/p><\/blockquote>\n<h3 id=\"section-el-estado-de-\u00e1nimo-de-internet\">\u00bfC\u00f3mo nos hemos sentido durante los seis primeros meses de 2021?<\/h3>\n<p>El siguiente gr\u00e1fico compara c\u00f3mo ha cambiado el lenguaje emocional durante estos seis meses de 2021 con respecto a los seis anteriores.<\/p>\n<\/div>\n<\/div>\n<\/div>\n<\/section>\n<section class=\"relative\"><span id=\"block-3\" class=\"c-nav-jumplink-offset\"><\/span><\/p>\n<div class=\"l-spacingStack-md-bottom l-gutter b-media\" data-scrollfx=\"\" data-scrollfx-screen-threshold=\"0.3\" data-scrollfx-active-class=\"s-effectOn\">\n<div class=\"l-container\">\n<figure class=\"c-media c-media-image \">\n<div class=\"c-media_wrapper\">\n<div class=\"color-bg-transparent\">\n<div class=\"w-100\">\n<div><img decoding=\"async\" class=\"js-lazy-img w-100 entered loaded\" src=\"https:\/\/s14418.pcdn.co\/es\/wp-content\/themes\/brandwatch\/src\/core\/endpoints\/resize.php?image=uploads\/2021\/09\/8U9b5-c-mo-ha-cambiado-el-uso-del-lenguaje-emocional-en-2021.png&amp;width=1024\" srcset=\"https:\/\/s14418.pcdn.co\/es\/wp-content\/themes\/brandwatch\/src\/core\/endpoints\/resize.php?image=uploads\/2021\/09\/8U9b5-c-mo-ha-cambiado-el-uso-del-lenguaje-emocional-en-2021.png&amp;width=380 380w, https:\/\/s14418.pcdn.co\/es\/wp-content\/themes\/brandwatch\/src\/core\/endpoints\/resize.php?image=uploads\/2021\/09\/8U9b5-c-mo-ha-cambiado-el-uso-del-lenguaje-emocional-en-2021.png&amp;width=500 500w, https:\/\/s14418.pcdn.co\/es\/wp-content\/themes\/brandwatch\/src\/core\/endpoints\/resize.php?image=uploads\/2021\/09\/8U9b5-c-mo-ha-cambiado-el-uso-del-lenguaje-emocional-en-2021.png&amp;width=768 768w, https:\/\/s14418.pcdn.co\/es\/wp-content\/themes\/brandwatch\/src\/core\/endpoints\/resize.php?image=uploads\/2021\/09\/8U9b5-c-mo-ha-cambiado-el-uso-del-lenguaje-emocional-en-2021.png&amp;width=1024 1024w, https:\/\/s14418.pcdn.co\/es\/wp-content\/themes\/brandwatch\/src\/core\/endpoints\/resize.php?image=uploads\/2021\/09\/8U9b5-c-mo-ha-cambiado-el-uso-del-lenguaje-emocional-en-2021.png&amp;width=0 1760w\" data-src=\"https:\/\/s14418.pcdn.co\/es\/wp-content\/themes\/brandwatch\/src\/core\/endpoints\/resize.php?image=uploads\/2021\/09\/8U9b5-c-mo-ha-cambiado-el-uso-del-lenguaje-emocional-en-2021.png&amp;width=1024\" data-srcset=\"https:\/\/s14418.pcdn.co\/es\/wp-content\/themes\/brandwatch\/src\/core\/endpoints\/resize.php?image=uploads\/2021\/09\/8U9b5-c-mo-ha-cambiado-el-uso-del-lenguaje-emocional-en-2021.png&amp;width=380 380w, https:\/\/s14418.pcdn.co\/es\/wp-content\/themes\/brandwatch\/src\/core\/endpoints\/resize.php?image=uploads\/2021\/09\/8U9b5-c-mo-ha-cambiado-el-uso-del-lenguaje-emocional-en-2021.png&amp;width=500 500w, https:\/\/s14418.pcdn.co\/es\/wp-content\/themes\/brandwatch\/src\/core\/endpoints\/resize.php?image=uploads\/2021\/09\/8U9b5-c-mo-ha-cambiado-el-uso-del-lenguaje-emocional-en-2021.png&amp;width=768 768w, https:\/\/s14418.pcdn.co\/es\/wp-content\/themes\/brandwatch\/src\/core\/endpoints\/resize.php?image=uploads\/2021\/09\/8U9b5-c-mo-ha-cambiado-el-uso-del-lenguaje-emocional-en-2021.png&amp;width=1024 1024w, https:\/\/s14418.pcdn.co\/es\/wp-content\/themes\/brandwatch\/src\/core\/endpoints\/resize.php?image=uploads\/2021\/09\/8U9b5-c-mo-ha-cambiado-el-uso-del-lenguaje-emocional-en-2021.png&amp;width=0 1760w\" data-ll-status=\"loaded\" \/><\/div>\n<\/div>\n<\/div>\n<\/div>\n<\/figure>\n<\/div>\n<\/div>\n<\/section>\n<section class=\"relative\"><span id=\"block-4\" class=\"c-nav-jumplink-offset\"><\/span><\/p>\n<div class=\" l-spacingStack-sm-bottom l-gutter\">\n<div>\n<div class=\"l-container c-editorContent u-theme-editorContent\">\n<p>Seg\u00fan revis\u00e1bamos los datos, la alegr\u00eda ha resultado ser la emoci\u00f3n m\u00e1s compartida por los usuarios de redes sociales en lo que llevamos de a\u00f1o.<\/p>\n<p>Adem\u00e1s, ha sido el sentimiento que m\u00e1s ha crecido durante los \u00faltimos seis meses (un 8% m\u00e1s en cuanto a volumen de menciones frente al periodo anterior).<\/p>\n<p>La medalla de plata en lo que a cambios se refiere se la lleva la sorpresa, con un crecimiento de un 1% en volumen de menciones en comparaci\u00f3n con el periodo anterior.<\/p>\n<p>Por otra parte, las emociones como el disgusto, la tristeza y el miedo han disminuido respecto a las de los seis meses anteriores, lo que podr\u00eda sugerir que Internet empieza a sentirse m\u00e1s tranquilo y feliz.<\/p>\n<p>Una raz\u00f3n de esta mejora en el estado de \u00e1nimo se explica mucho m\u00e1s visualmente con los\u00a0<em>emojis<\/em>.<\/p>\n<p>Hemos descubierto que los emoticonos relacionados con la pandemia cuentan una historia optimista de recuperaci\u00f3n porque se utiliza m\u00e1s el\u00a0<em>emoji<\/em>\u00a0de la jeringuilla o vacuna que el de la mascarilla o el microbio.<\/p>\n<\/div>\n<\/div>\n<\/div>\n<\/section>\n<section class=\"relative\"><span id=\"block-5\" class=\"c-nav-jumplink-offset\"><\/span><\/p>\n<div class=\"l-spacingStack-md-bottom l-gutter b-media\" data-scrollfx=\"\" data-scrollfx-screen-threshold=\"0.3\" data-scrollfx-active-class=\"s-effectOn\">\n<div class=\"l-container\">\n<figure class=\"c-media c-media-image \">\n<div class=\"c-media_wrapper\">\n<div class=\"color-bg-transparent\">\n<div class=\"w-100\">\n<div><img decoding=\"async\" class=\"js-lazy-img w-100 entered loaded\" src=\"https:\/\/s14418.pcdn.co\/es\/wp-content\/themes\/brandwatch\/src\/core\/endpoints\/resize.php?image=uploads\/2021\/09\/5Iuop-c-mo-ha-cambiado-el-uso-de-emojis-sobre-la-covid-19.png&amp;width=1024\" srcset=\"https:\/\/s14418.pcdn.co\/es\/wp-content\/themes\/brandwatch\/src\/core\/endpoints\/resize.php?image=uploads\/2021\/09\/5Iuop-c-mo-ha-cambiado-el-uso-de-emojis-sobre-la-covid-19.png&amp;width=380 380w, https:\/\/s14418.pcdn.co\/es\/wp-content\/themes\/brandwatch\/src\/core\/endpoints\/resize.php?image=uploads\/2021\/09\/5Iuop-c-mo-ha-cambiado-el-uso-de-emojis-sobre-la-covid-19.png&amp;width=500 500w, https:\/\/s14418.pcdn.co\/es\/wp-content\/themes\/brandwatch\/src\/core\/endpoints\/resize.php?image=uploads\/2021\/09\/5Iuop-c-mo-ha-cambiado-el-uso-de-emojis-sobre-la-covid-19.png&amp;width=768 768w, https:\/\/s14418.pcdn.co\/es\/wp-content\/themes\/brandwatch\/src\/core\/endpoints\/resize.php?image=uploads\/2021\/09\/5Iuop-c-mo-ha-cambiado-el-uso-de-emojis-sobre-la-covid-19.png&amp;width=1024 1024w, https:\/\/s14418.pcdn.co\/es\/wp-content\/themes\/brandwatch\/src\/core\/endpoints\/resize.php?image=uploads\/2021\/09\/5Iuop-c-mo-ha-cambiado-el-uso-de-emojis-sobre-la-covid-19.png&amp;width=0 1760w\" data-src=\"https:\/\/s14418.pcdn.co\/es\/wp-content\/themes\/brandwatch\/src\/core\/endpoints\/resize.php?image=uploads\/2021\/09\/5Iuop-c-mo-ha-cambiado-el-uso-de-emojis-sobre-la-covid-19.png&amp;width=1024\" data-srcset=\"https:\/\/s14418.pcdn.co\/es\/wp-content\/themes\/brandwatch\/src\/core\/endpoints\/resize.php?image=uploads\/2021\/09\/5Iuop-c-mo-ha-cambiado-el-uso-de-emojis-sobre-la-covid-19.png&amp;width=380 380w, https:\/\/s14418.pcdn.co\/es\/wp-content\/themes\/brandwatch\/src\/core\/endpoints\/resize.php?image=uploads\/2021\/09\/5Iuop-c-mo-ha-cambiado-el-uso-de-emojis-sobre-la-covid-19.png&amp;width=500 500w, https:\/\/s14418.pcdn.co\/es\/wp-content\/themes\/brandwatch\/src\/core\/endpoints\/resize.php?image=uploads\/2021\/09\/5Iuop-c-mo-ha-cambiado-el-uso-de-emojis-sobre-la-covid-19.png&amp;width=768 768w, https:\/\/s14418.pcdn.co\/es\/wp-content\/themes\/brandwatch\/src\/core\/endpoints\/resize.php?image=uploads\/2021\/09\/5Iuop-c-mo-ha-cambiado-el-uso-de-emojis-sobre-la-covid-19.png&amp;width=1024 1024w, https:\/\/s14418.pcdn.co\/es\/wp-content\/themes\/brandwatch\/src\/core\/endpoints\/resize.php?image=uploads\/2021\/09\/5Iuop-c-mo-ha-cambiado-el-uso-de-emojis-sobre-la-covid-19.png&amp;width=0 1760w\" data-ll-status=\"loaded\" \/><\/div>\n<\/div>\n<\/div>\n<\/div>\n<\/figure>\n<\/div>\n<\/div>\n<\/section>\n<section class=\"relative\"><span id=\"block-6\" class=\"c-nav-jumplink-offset\"><\/span><\/p>\n<div class=\" l-spacingStack-sm-bottom l-gutter\">\n<div>\n<div class=\"l-container c-editorContent u-theme-editorContent\">\n<h4 id=\"section-las-emociones-que-impregnaron-las-redes-en-2020\">Las emociones que impregnaron las redes en 2020<\/h4>\n<p>Hemos retrocedido hasta 2020 para comprobar cu\u00e1l era nuestro estado de \u00e1nimo el a\u00f1o pasado.<\/p>\n<p>Sorprendentemente, la alegr\u00eda tambi\u00e9n es la emoci\u00f3n estrella de 2020. Lo que cambia es el aumento en el volumen de menciones para las seis emociones, en comparaci\u00f3n con 2019.<\/p>\n<\/div>\n<\/div>\n<\/div>\n<\/section>\n<section class=\"relative\"><span id=\"block-7\" class=\"c-nav-jumplink-offset\"><\/span><\/p>\n<div class=\"l-spacingStack-md-bottom l-gutter b-media\" data-scrollfx=\"\" data-scrollfx-screen-threshold=\"0.3\" data-scrollfx-active-class=\"s-effectOn\">\n<div class=\"l-container\">\n<figure class=\"c-media c-media-image \">\n<div class=\"c-media_wrapper\">\n<div class=\"color-bg-transparent\">\n<div class=\"w-100\">\n<div><img decoding=\"async\" class=\"js-lazy-img w-100 entered loaded\" src=\"https:\/\/s14418.pcdn.co\/es\/wp-content\/themes\/brandwatch\/src\/core\/endpoints\/resize.php?image=uploads\/2021\/09\/SHaO2-enfado-tristeza-disgusto-sorpresa-miedo-y-alegr-a-son-las-emociones-que-m-s-han-crecido-en-2020.png&amp;width=1024\" srcset=\"https:\/\/s14418.pcdn.co\/es\/wp-content\/themes\/brandwatch\/src\/core\/endpoints\/resize.php?image=uploads\/2021\/09\/SHaO2-enfado-tristeza-disgusto-sorpresa-miedo-y-alegr-a-son-las-emociones-que-m-s-han-crecido-en-2020.png&amp;width=380 380w, https:\/\/s14418.pcdn.co\/es\/wp-content\/themes\/brandwatch\/src\/core\/endpoints\/resize.php?image=uploads\/2021\/09\/SHaO2-enfado-tristeza-disgusto-sorpresa-miedo-y-alegr-a-son-las-emociones-que-m-s-han-crecido-en-2020.png&amp;width=500 500w, https:\/\/s14418.pcdn.co\/es\/wp-content\/themes\/brandwatch\/src\/core\/endpoints\/resize.php?image=uploads\/2021\/09\/SHaO2-enfado-tristeza-disgusto-sorpresa-miedo-y-alegr-a-son-las-emociones-que-m-s-han-crecido-en-2020.png&amp;width=768 768w, https:\/\/s14418.pcdn.co\/es\/wp-content\/themes\/brandwatch\/src\/core\/endpoints\/resize.php?image=uploads\/2021\/09\/SHaO2-enfado-tristeza-disgusto-sorpresa-miedo-y-alegr-a-son-las-emociones-que-m-s-han-crecido-en-2020.png&amp;width=1024 1024w, https:\/\/s14418.pcdn.co\/es\/wp-content\/themes\/brandwatch\/src\/core\/endpoints\/resize.php?image=uploads\/2021\/09\/SHaO2-enfado-tristeza-disgusto-sorpresa-miedo-y-alegr-a-son-las-emociones-que-m-s-han-crecido-en-2020.png&amp;width=0 1760w\" data-src=\"https:\/\/s14418.pcdn.co\/es\/wp-content\/themes\/brandwatch\/src\/core\/endpoints\/resize.php?image=uploads\/2021\/09\/SHaO2-enfado-tristeza-disgusto-sorpresa-miedo-y-alegr-a-son-las-emociones-que-m-s-han-crecido-en-2020.png&amp;width=1024\" data-srcset=\"https:\/\/s14418.pcdn.co\/es\/wp-content\/themes\/brandwatch\/src\/core\/endpoints\/resize.php?image=uploads\/2021\/09\/SHaO2-enfado-tristeza-disgusto-sorpresa-miedo-y-alegr-a-son-las-emociones-que-m-s-han-crecido-en-2020.png&amp;width=380 380w, https:\/\/s14418.pcdn.co\/es\/wp-content\/themes\/brandwatch\/src\/core\/endpoints\/resize.php?image=uploads\/2021\/09\/SHaO2-enfado-tristeza-disgusto-sorpresa-miedo-y-alegr-a-son-las-emociones-que-m-s-han-crecido-en-2020.png&amp;width=500 500w, https:\/\/s14418.pcdn.co\/es\/wp-content\/themes\/brandwatch\/src\/core\/endpoints\/resize.php?image=uploads\/2021\/09\/SHaO2-enfado-tristeza-disgusto-sorpresa-miedo-y-alegr-a-son-las-emociones-que-m-s-han-crecido-en-2020.png&amp;width=768 768w, https:\/\/s14418.pcdn.co\/es\/wp-content\/themes\/brandwatch\/src\/core\/endpoints\/resize.php?image=uploads\/2021\/09\/SHaO2-enfado-tristeza-disgusto-sorpresa-miedo-y-alegr-a-son-las-emociones-que-m-s-han-crecido-en-2020.png&amp;width=1024 1024w, https:\/\/s14418.pcdn.co\/es\/wp-content\/themes\/brandwatch\/src\/core\/endpoints\/resize.php?image=uploads\/2021\/09\/SHaO2-enfado-tristeza-disgusto-sorpresa-miedo-y-alegr-a-son-las-emociones-que-m-s-han-crecido-en-2020.png&amp;width=0 1760w\" data-ll-status=\"loaded\" \/><\/div>\n<\/div>\n<\/div>\n<\/div>\n<\/figure>\n<\/div>\n<\/div>\n<\/section>\n<section class=\"relative\"><span id=\"block-8\" class=\"c-nav-jumplink-offset\"><\/span><\/p>\n<div class=\" l-spacingStack-sm-bottom l-gutter\">\n<div>\n<div class=\"l-container c-editorContent u-theme-editorContent\">\n<p>Resulta muy evidente que las emociones batieron r\u00e9cords durante la pandemia. Sin duda, es un periodo que no nos ha dejado indiferentes.<\/p>\n<h4 id=\"section-el-lenguaje-emocional-y-las-reacciones-de-facebook-por-sector\">El lenguaje emocional y las reacciones de Facebook por sector<\/h4>\n<p>Examinar las emociones en la red nos posibilita saber c\u00f3mo est\u00e1n los consumidores, adem\u00e1s de permitirnos entender el sentimiento general sobre temas, productos o sectores espec\u00edficos.<\/p>\n<p>Hemos seleccionado cinco amplios sectores de mercado y analizado los datos de redes sociales relacionados con las empresas m\u00e1s importantes de cada uno.<\/p>\n<p>El siguiente gr\u00e1fico muestra en qu\u00e9 difieren las conversaciones sobre cada \u00e1mbito durante los seis primeros meses de 2021.<\/p>\n<\/div>\n<\/div>\n<\/div>\n<\/section>\n<section class=\"relative\"><span id=\"block-9\" class=\"c-nav-jumplink-offset\"><\/span><\/p>\n<div class=\"l-spacingStack-md-bottom l-gutter b-media\" data-scrollfx=\"\" data-scrollfx-screen-threshold=\"0.3\" data-scrollfx-active-class=\"s-effectOn\">\n<div class=\"l-container\">\n<figure class=\"c-media c-media-image \">\n<div class=\"c-media_wrapper\">\n<div class=\"color-bg-transparent\">\n<div class=\"w-100\">\n<div><img decoding=\"async\" class=\"js-lazy-img w-100 entered loaded\" src=\"https:\/\/s14418.pcdn.co\/es\/wp-content\/themes\/brandwatch\/src\/core\/endpoints\/resize.php?image=uploads\/2021\/09\/uc8PM-lenguaje-emocional-usado-por-los-consumidores-cuando-se-refieren-a-marcas-de-distintos-sectores.png&amp;width=1024\" srcset=\"https:\/\/s14418.pcdn.co\/es\/wp-content\/themes\/brandwatch\/src\/core\/endpoints\/resize.php?image=uploads\/2021\/09\/uc8PM-lenguaje-emocional-usado-por-los-consumidores-cuando-se-refieren-a-marcas-de-distintos-sectores.png&amp;width=380 380w, https:\/\/s14418.pcdn.co\/es\/wp-content\/themes\/brandwatch\/src\/core\/endpoints\/resize.php?image=uploads\/2021\/09\/uc8PM-lenguaje-emocional-usado-por-los-consumidores-cuando-se-refieren-a-marcas-de-distintos-sectores.png&amp;width=500 500w, https:\/\/s14418.pcdn.co\/es\/wp-content\/themes\/brandwatch\/src\/core\/endpoints\/resize.php?image=uploads\/2021\/09\/uc8PM-lenguaje-emocional-usado-por-los-consumidores-cuando-se-refieren-a-marcas-de-distintos-sectores.png&amp;width=768 768w, https:\/\/s14418.pcdn.co\/es\/wp-content\/themes\/brandwatch\/src\/core\/endpoints\/resize.php?image=uploads\/2021\/09\/uc8PM-lenguaje-emocional-usado-por-los-consumidores-cuando-se-refieren-a-marcas-de-distintos-sectores.png&amp;width=1024 1024w, https:\/\/s14418.pcdn.co\/es\/wp-content\/themes\/brandwatch\/src\/core\/endpoints\/resize.php?image=uploads\/2021\/09\/uc8PM-lenguaje-emocional-usado-por-los-consumidores-cuando-se-refieren-a-marcas-de-distintos-sectores.png&amp;width=0 1760w\" data-src=\"https:\/\/s14418.pcdn.co\/es\/wp-content\/themes\/brandwatch\/src\/core\/endpoints\/resize.php?image=uploads\/2021\/09\/uc8PM-lenguaje-emocional-usado-por-los-consumidores-cuando-se-refieren-a-marcas-de-distintos-sectores.png&amp;width=1024\" data-srcset=\"https:\/\/s14418.pcdn.co\/es\/wp-content\/themes\/brandwatch\/src\/core\/endpoints\/resize.php?image=uploads\/2021\/09\/uc8PM-lenguaje-emocional-usado-por-los-consumidores-cuando-se-refieren-a-marcas-de-distintos-sectores.png&amp;width=380 380w, https:\/\/s14418.pcdn.co\/es\/wp-content\/themes\/brandwatch\/src\/core\/endpoints\/resize.php?image=uploads\/2021\/09\/uc8PM-lenguaje-emocional-usado-por-los-consumidores-cuando-se-refieren-a-marcas-de-distintos-sectores.png&amp;width=500 500w, https:\/\/s14418.pcdn.co\/es\/wp-content\/themes\/brandwatch\/src\/core\/endpoints\/resize.php?image=uploads\/2021\/09\/uc8PM-lenguaje-emocional-usado-por-los-consumidores-cuando-se-refieren-a-marcas-de-distintos-sectores.png&amp;width=768 768w, https:\/\/s14418.pcdn.co\/es\/wp-content\/themes\/brandwatch\/src\/core\/endpoints\/resize.php?image=uploads\/2021\/09\/uc8PM-lenguaje-emocional-usado-por-los-consumidores-cuando-se-refieren-a-marcas-de-distintos-sectores.png&amp;width=1024 1024w, https:\/\/s14418.pcdn.co\/es\/wp-content\/themes\/brandwatch\/src\/core\/endpoints\/resize.php?image=uploads\/2021\/09\/uc8PM-lenguaje-emocional-usado-por-los-consumidores-cuando-se-refieren-a-marcas-de-distintos-sectores.png&amp;width=0 1760w\" data-ll-status=\"loaded\" \/><\/div>\n<\/div>\n<\/div>\n<\/div>\n<\/figure>\n<\/div>\n<\/div>\n<\/section>\n<section class=\"relative\"><span id=\"block-10\" class=\"c-nav-jumplink-offset\"><\/span><\/p>\n<div class=\" l-spacingStack-sm-bottom l-gutter\">\n<div>\n<div class=\"l-container c-editorContent u-theme-editorContent\">\n<p>De los cinco, el entretenimiento y la moda se granjearon el porcentaje m\u00e1s alto de menciones alegres.<\/p>\n<p>El an\u00e1lisis de emociones tambi\u00e9n nos desvel\u00f3 que:<\/p>\n<ul>\n<li>Las empresas tecnol\u00f3gicas eran las que m\u00e1s menciones con enfado recib\u00edan.<\/li>\n<li>Las empresas de servicios financieros contaban con el mayor n\u00famero de menciones tristes.<\/li>\n<\/ul>\n<\/div>\n<\/div>\n<\/div>\n<\/section>\n<section class=\"relative\"><span id=\"block-11\" class=\"c-nav-jumplink-offset\"><\/span><\/p>\n<div class=\" l-gutter c-callout l-spacingStack-md-bottom relative z-1\">\n<div class=\"l-container \">\n<aside class=\"c-callout__pos\">\n<div class=\"c-callout__box\">\n<div class=\"c-editorContent c-editorContent--top-tail c-editorContent--sm-headings u-theme-editorContent\">\n<p><strong>Consejo profesional de Falcon.io<\/strong>\u00a0\ud83d\udca1 Las emociones estimulan el comportamiento de los consumidores. De hecho, los que se sienten emocionalmente conectados a una marca se gastar\u00e1n el doble o m\u00e1s en ellas que el resto.<\/p>\n<p>Este\u00a0<em>insight\u00a0<\/em>sobre las opiniones del consumidor puede ayudarte a calcular el estado de \u00e1nimo de tu audiencia y a llamar su atenci\u00f3n para darle un empuj\u00f3n al sentimiento de marca.<\/p>\n<\/div>\n<\/div>\n<\/aside>\n<\/div>\n<\/div>\n<\/section>\n<section class=\"relative\"><span id=\"block-12\" class=\"c-nav-jumplink-offset\"><\/span><\/p>\n<div class=\" l-spacingStack-sm-bottom l-gutter\">\n<div>\n<div class=\"l-container c-editorContent u-theme-editorContent\">\n<p>Asimismo, hemos examinado con BuzzSumo las reacciones de Facebook sobre el contenido de los cinco sectores antes mencionados.<\/p>\n<\/div>\n<\/div>\n<\/div>\n<\/section>\n<section class=\"relative\"><span id=\"block-13\" class=\"c-nav-jumplink-offset\"><\/span><\/p>\n<div class=\"l-spacingStack-md-bottom l-gutter b-media\" data-scrollfx=\"\" data-scrollfx-screen-threshold=\"0.3\" data-scrollfx-active-class=\"s-effectOn\">\n<div class=\"l-container\">\n<figure class=\"c-media c-media-image \">\n<div class=\"c-media_wrapper\">\n<div class=\"color-bg-transparent\">\n<div class=\"w-100\">\n<div><img decoding=\"async\" class=\"js-lazy-img w-100 entered loaded\" src=\"https:\/\/s14418.pcdn.co\/es\/wp-content\/themes\/brandwatch\/src\/core\/endpoints\/resize.php?image=uploads\/2021\/09\/c6qaj-c-mo-reaccionan-los-usuarios-a-las-publicaciones-de-facebook-por-sectores-.png&amp;width=1024\" srcset=\"https:\/\/s14418.pcdn.co\/es\/wp-content\/themes\/brandwatch\/src\/core\/endpoints\/resize.php?image=uploads\/2021\/09\/c6qaj-c-mo-reaccionan-los-usuarios-a-las-publicaciones-de-facebook-por-sectores-.png&amp;width=380 380w, https:\/\/s14418.pcdn.co\/es\/wp-content\/themes\/brandwatch\/src\/core\/endpoints\/resize.php?image=uploads\/2021\/09\/c6qaj-c-mo-reaccionan-los-usuarios-a-las-publicaciones-de-facebook-por-sectores-.png&amp;width=500 500w, https:\/\/s14418.pcdn.co\/es\/wp-content\/themes\/brandwatch\/src\/core\/endpoints\/resize.php?image=uploads\/2021\/09\/c6qaj-c-mo-reaccionan-los-usuarios-a-las-publicaciones-de-facebook-por-sectores-.png&amp;width=768 768w, https:\/\/s14418.pcdn.co\/es\/wp-content\/themes\/brandwatch\/src\/core\/endpoints\/resize.php?image=uploads\/2021\/09\/c6qaj-c-mo-reaccionan-los-usuarios-a-las-publicaciones-de-facebook-por-sectores-.png&amp;width=1024 1024w, https:\/\/s14418.pcdn.co\/es\/wp-content\/themes\/brandwatch\/src\/core\/endpoints\/resize.php?image=uploads\/2021\/09\/c6qaj-c-mo-reaccionan-los-usuarios-a-las-publicaciones-de-facebook-por-sectores-.png&amp;width=0 1760w\" data-src=\"https:\/\/s14418.pcdn.co\/es\/wp-content\/themes\/brandwatch\/src\/core\/endpoints\/resize.php?image=uploads\/2021\/09\/c6qaj-c-mo-reaccionan-los-usuarios-a-las-publicaciones-de-facebook-por-sectores-.png&amp;width=1024\" data-srcset=\"https:\/\/s14418.pcdn.co\/es\/wp-content\/themes\/brandwatch\/src\/core\/endpoints\/resize.php?image=uploads\/2021\/09\/c6qaj-c-mo-reaccionan-los-usuarios-a-las-publicaciones-de-facebook-por-sectores-.png&amp;width=380 380w, https:\/\/s14418.pcdn.co\/es\/wp-content\/themes\/brandwatch\/src\/core\/endpoints\/resize.php?image=uploads\/2021\/09\/c6qaj-c-mo-reaccionan-los-usuarios-a-las-publicaciones-de-facebook-por-sectores-.png&amp;width=500 500w, https:\/\/s14418.pcdn.co\/es\/wp-content\/themes\/brandwatch\/src\/core\/endpoints\/resize.php?image=uploads\/2021\/09\/c6qaj-c-mo-reaccionan-los-usuarios-a-las-publicaciones-de-facebook-por-sectores-.png&amp;width=768 768w, https:\/\/s14418.pcdn.co\/es\/wp-content\/themes\/brandwatch\/src\/core\/endpoints\/resize.php?image=uploads\/2021\/09\/c6qaj-c-mo-reaccionan-los-usuarios-a-las-publicaciones-de-facebook-por-sectores-.png&amp;width=1024 1024w, https:\/\/s14418.pcdn.co\/es\/wp-content\/themes\/brandwatch\/src\/core\/endpoints\/resize.php?image=uploads\/2021\/09\/c6qaj-c-mo-reaccionan-los-usuarios-a-las-publicaciones-de-facebook-por-sectores-.png&amp;width=0 1760w\" data-ll-status=\"loaded\" \/><\/div>\n<\/div>\n<\/div>\n<\/div>\n<\/figure>\n<\/div>\n<\/div>\n<\/section>\n<section class=\"relative\"><span id=\"block-14\" class=\"c-nav-jumplink-offset\"><\/span><\/p>\n<div class=\" l-gutter c-callout l-spacingStack-md-bottom relative z-1\">\n<div class=\"l-container \">\n<aside class=\"c-callout__pos\">\n<div class=\"c-callout__box\">\n<div class=\"c-editorContent c-editorContent--top-tail c-editorContent--sm-headings u-theme-editorContent\">\n<p><strong>Consejo profesional de Falcon.io<\/strong>\u00a0\ud83d\udca1 Tal y como afirma\u00a0<a href=\"https:\/\/www.facebook.com\/business\/news\/insights\/content-consumption-and-culture-perspectives-from-the-entertainment-industry\" target=\"_blank\" rel=\"noopener noreferrer\">este informe de Facebook<\/a>\u00a0sobre los cambios de consumo en el sector del entretenimiento, \u00ablas peticiones bajo demanda est\u00e1n en tendencia\u00bb.<\/p>\n<p>Es verdad que el aburrimiento provocado por la pandemia podr\u00eda haberse asegurado de que los usuarios buscaran contenido de entretenimiento (y que reaccionaran m\u00e1s de lo habitual), pero tambi\u00e9n les proporcion\u00f3 una oportunidad inigualable a los expertos de marketing para que rompieran con lo establecido y pusieran a prueba el marketing de entretenimiento.<\/p>\n<p>Colaboraciones con famosos, transmisiones en directo, emplazamientos de producto y marketing con\u00a0<em>influencers<\/em>\u00a0son soluciones innovadoras que las marcas pueden utilizar para alcanzar una audiencia ya cautivada.<\/p>\n<\/div>\n<\/div>\n<\/aside>\n<\/div>\n<\/div>\n<\/section>\n<section class=\"relative\"><span id=\"block-15\" class=\"c-nav-jumplink-offset\"><\/span><\/p>\n<div class=\" l-spacingStack-sm-bottom l-gutter\">\n<div>\n<div class=\"l-container c-editorContent u-theme-editorContent\">\n<p>Quiz\u00e1s no sea una sorpresa que los usuarios de Facebook reaccionaran mucho m\u00e1s al contenido de entretenimiento que al de cualquier otro sector.<\/p>\n<p>Estas interacciones supon\u00edan el 80% del total de las reacciones al contenido centrado en el sector.<\/p>\n<p>Resultaba siete veces m\u00e1s probable que los usuarios de Facebook interactuaran con contenido de entretenimiento que con contenido relacionado con la tecnolog\u00eda.<\/p>\n<p>De hecho, el n\u00famero total de reacciones al entretenimiento era 24 veces mayor que la media de reacciones a todos los dem\u00e1s contenidos del sector.<\/p>\n<p>Si las desglosamos, vemos que eran mucho m\u00e1s positivas, igual que en el caso de la moda.<\/p>\n<p>Los contenidos de tecnolog\u00eda y finanzas recibieron la mayor\u00eda de reacciones mostrando enfado en comparaci\u00f3n con otros sectores, lo que se corresponde con los datos explicados anteriormente.<\/p>\n<p>Estos dos sectores tend\u00edan a atraer una proporci\u00f3n mayor de menciones expresando enfado o tristeza.<\/p>\n<\/div>\n<\/div>\n<\/div>\n<\/section>\n<section class=\"relative\"><span id=\"block-16\" class=\"c-nav-jumplink-offset\"><\/span><\/p>\n<div class=\"l-spacingStack-md-bottom l-gutter b-media\" data-scrollfx=\"\" data-scrollfx-screen-threshold=\"0.3\" data-scrollfx-active-class=\"s-effectOn\">\n<div class=\"l-container\">\n<figure class=\"c-media c-media-image \">\n<div class=\"c-media_wrapper\">\n<div class=\"color-bg-transparent\">\n<div class=\"w-100\">\n<div><img decoding=\"async\" class=\"js-lazy-img w-100 entered loaded\" src=\"https:\/\/s14418.pcdn.co\/es\/wp-content\/themes\/brandwatch\/src\/core\/endpoints\/resize.php?image=uploads\/2021\/09\/92sCe-reacciones-a-contenido-de-facebook-en-diferentes-sectores-.png&amp;width=1024\" srcset=\"https:\/\/s14418.pcdn.co\/es\/wp-content\/themes\/brandwatch\/src\/core\/endpoints\/resize.php?image=uploads\/2021\/09\/92sCe-reacciones-a-contenido-de-facebook-en-diferentes-sectores-.png&amp;width=380 380w, https:\/\/s14418.pcdn.co\/es\/wp-content\/themes\/brandwatch\/src\/core\/endpoints\/resize.php?image=uploads\/2021\/09\/92sCe-reacciones-a-contenido-de-facebook-en-diferentes-sectores-.png&amp;width=500 500w, https:\/\/s14418.pcdn.co\/es\/wp-content\/themes\/brandwatch\/src\/core\/endpoints\/resize.php?image=uploads\/2021\/09\/92sCe-reacciones-a-contenido-de-facebook-en-diferentes-sectores-.png&amp;width=768 768w, https:\/\/s14418.pcdn.co\/es\/wp-content\/themes\/brandwatch\/src\/core\/endpoints\/resize.php?image=uploads\/2021\/09\/92sCe-reacciones-a-contenido-de-facebook-en-diferentes-sectores-.png&amp;width=1024 1024w, https:\/\/s14418.pcdn.co\/es\/wp-content\/themes\/brandwatch\/src\/core\/endpoints\/resize.php?image=uploads\/2021\/09\/92sCe-reacciones-a-contenido-de-facebook-en-diferentes-sectores-.png&amp;width=0 1760w\" data-src=\"https:\/\/s14418.pcdn.co\/es\/wp-content\/themes\/brandwatch\/src\/core\/endpoints\/resize.php?image=uploads\/2021\/09\/92sCe-reacciones-a-contenido-de-facebook-en-diferentes-sectores-.png&amp;width=1024\" data-srcset=\"https:\/\/s14418.pcdn.co\/es\/wp-content\/themes\/brandwatch\/src\/core\/endpoints\/resize.php?image=uploads\/2021\/09\/92sCe-reacciones-a-contenido-de-facebook-en-diferentes-sectores-.png&amp;width=380 380w, https:\/\/s14418.pcdn.co\/es\/wp-content\/themes\/brandwatch\/src\/core\/endpoints\/resize.php?image=uploads\/2021\/09\/92sCe-reacciones-a-contenido-de-facebook-en-diferentes-sectores-.png&amp;width=500 500w, https:\/\/s14418.pcdn.co\/es\/wp-content\/themes\/brandwatch\/src\/core\/endpoints\/resize.php?image=uploads\/2021\/09\/92sCe-reacciones-a-contenido-de-facebook-en-diferentes-sectores-.png&amp;width=768 768w, https:\/\/s14418.pcdn.co\/es\/wp-content\/themes\/brandwatch\/src\/core\/endpoints\/resize.php?image=uploads\/2021\/09\/92sCe-reacciones-a-contenido-de-facebook-en-diferentes-sectores-.png&amp;width=1024 1024w, https:\/\/s14418.pcdn.co\/es\/wp-content\/themes\/brandwatch\/src\/core\/endpoints\/resize.php?image=uploads\/2021\/09\/92sCe-reacciones-a-contenido-de-facebook-en-diferentes-sectores-.png&amp;width=0 1760w\" data-ll-status=\"loaded\" \/><\/div>\n<\/div>\n<\/div>\n<\/div>\n<\/figure>\n<\/div>\n<\/div>\n<\/section>\n<section class=\"relative\"><span id=\"block-17\" class=\"c-nav-jumplink-offset\"><\/span><\/p>\n<div class=\" l-gutter c-callout l-spacingStack-md-bottom relative z-1\">\n<div class=\"l-container \">\n<aside class=\"c-callout__pos\">\n<div class=\"c-callout__box\">\n<div class=\"c-editorContent c-editorContent--top-tail c-editorContent--sm-headings u-theme-editorContent\">\n<h4>Emociones positivas por sector: \u00bfUna se\u00f1al de lo que est\u00e1 por venir?<\/h4>\n<p>\u00daltimamente, tanto el entretenimiento como la moda est\u00e1n siendo recompensados con muy buenas reacciones, y parece que este sentimiento ser\u00e1 una tendencia de consumo continuada en estos sectores.<\/p>\n<p>Un estudio reciente de UTA IQ citado por la revista\u00a0Hollywood Reporter\u00a0ha confirmado que algunos de nuestros h\u00e1bitos de consumo generados durante la Covid-19 han venido para quedarse.<\/p>\n<p>Nuestro consumo de medios de comunicaci\u00f3n creci\u00f3 cuando est\u00e1bamos encerrados en casa, sobrellevando la pandemia gracias a Internet y la televisi\u00f3n.<\/p>\n<p>Los hallazgos del estudio revelan que el 84% de los encuestados afirmaba que hab\u00edan \u00abpasado m\u00e1s tiempo entreteni\u00e9ndose durante la pandemia que el a\u00f1o anterior entero\u00bb, y el 67% \u00abpreve\u00eda pasar m\u00e1s tiempo consumiendo entretenimiento en un mundo post pandemia\u00bb.<\/p>\n<p>De la misma manera, como la mayor\u00eda de las compras tuvieron que pasarse a lo digital, muchos de los confinados se vieron obligados a comprar por internet con la tecnolog\u00eda.<\/p>\n<p>Consumidores de todo el mundo, en especial los asi\u00e1ticos, dedicaron horas (\u00a1y siguen haci\u00e9ndolo!) a ver\u00a0retransmisiones\u00a0de sus famosos favoritos en las que se hablaba de temas como el\u00a0<em>fitness<\/em>, el cuidado de la piel, la cocina, etc.<\/p>\n<p>Dichos\u00a0<em>streamings<\/em>\u00a0suelen ser muy entretenidos y generan mucha participaci\u00f3n, porque se anima a los usuarios a dar me gusta, comentar o compartir su opini\u00f3n.<\/p>\n<p>Solo en Estados Unidos, generaron\u00a0610\u00a0millones de USD en 2020.<\/p>\n<p>&nbsp;<\/p>\n<blockquote><p>Te puede interesar<\/p>\n<p><img loading=\"lazy\" decoding=\"async\" class=\"alignnone size-full wp-image-8386\" src=\"https:\/\/juliancastiblanco.com\/web\/wp-content\/uploads\/2021\/08\/Socry-public-big-data.jpeg\" alt=\"\" width=\"1280\" height=\"720\" srcset=\"https:\/\/juliancastiblanco.com\/web\/wp-content\/uploads\/2021\/08\/Socry-public-big-data.jpeg 1280w, https:\/\/juliancastiblanco.com\/web\/wp-content\/uploads\/2021\/08\/Socry-public-big-data-300x169.jpeg 300w, https:\/\/juliancastiblanco.com\/web\/wp-content\/uploads\/2021\/08\/Socry-public-big-data-1024x576.jpeg 1024w, https:\/\/juliancastiblanco.com\/web\/wp-content\/uploads\/2021\/08\/Socry-public-big-data-768x432.jpeg 768w, https:\/\/juliancastiblanco.com\/web\/wp-content\/uploads\/2021\/08\/Socry-public-big-data-810x456.jpeg 810w, https:\/\/juliancastiblanco.com\/web\/wp-content\/uploads\/2021\/08\/Socry-public-big-data-1140x641.jpeg 1140w\" sizes=\"auto, (max-width: 1280px) 100vw, 1280px\" \/><\/p>\n<p>https:\/\/juliancastiblanco.com\/web\/public-bigdata-para-tomar-desiciones-inteligentes-a-tiempo\/<\/p><\/blockquote>\n<\/div>\n<\/div>\n<\/aside>\n<\/div>\n<\/div>\n<\/section>\n<section class=\"relative\"><span id=\"block-18\" class=\"c-nav-jumplink-offset\"><\/span><\/p>\n<div class=\" l-spacingStack-sm-bottom l-gutter\">\n<div>\n<div class=\"l-container c-editorContent u-theme-editorContent\">\n<h4><\/h4>\n<p>Los datos de Facebook: \u00bfC\u00f3mo utilizamos las reacciones?En esta secci\u00f3n profundizaremos sobre las reacciones de Facebook.<\/p>\n<p>Facebook\u00a0lanz\u00f3 oficialmente \u00abreacciones\u00bb\u00a0para usuarios de todo el mundo el 24 de febrero de 2016.<\/p>\n<p>Esta esperada funcionalidad nos ofrece m\u00e1s formas en las que expresar los sentimientos que nos genera una publicaci\u00f3n y aporta una percepci\u00f3n de fluidez emocional a las conversaciones en l\u00ednea.<\/p>\n<p>En este informe, utilizamos\u00a0BuzzSumo\u00a0para analizar las reacciones de Facebook: me encanta, me divierte, me enfada, me asombra y me entristece.<\/p>\n<p>Examinamos 1,6 mil\u00a0millones de reacciones a 540\u00a0millones de publicaciones de los primeros seis meses de 2021 (de enero a junio).<\/p>\n<p>Nos centramos en una selecci\u00f3n de pa\u00edses de diferentes partes del mundo para ver en qu\u00e9 se diferenciaban sus interacciones.<\/p>\n<h4 id=\"section-los-datos-de-facebook%3a-\u00bfc\u00f3mo-utilizamos-las-reacciones%3f\">Poblaci\u00f3n, uso de Facebook y reacciones<\/h4>\n<p>Estados Unidos ha compartido ocho veces m\u00e1s reacciones que el siguiente pa\u00eds de la lista: Reino Unido.<\/p>\n<p>Dicho esto, aunque es el pa\u00eds con m\u00e1s interacciones, su gama de reacciones es m\u00e1s equilibrada que la de otros pa\u00edses, porque no hay una que predomine sobre el resto.<\/p>\n<p>\u00bfEsto se debe a que es el pa\u00eds m\u00e1s poblado, o porque es en el que m\u00e1s se utiliza Facebook?<\/p>\n<p>Para averiguarlo, hemos recogido los datos de 2019 sobre la poblaci\u00f3n y Facebook de la organizaci\u00f3n estadounidense\u00a0World Population Review.<\/p>\n<\/div>\n<\/div>\n<\/div>\n<\/section>\n<section class=\"relative\"><span id=\"block-19\" class=\"c-nav-jumplink-offset\"><\/span><\/p>\n<div class=\"l-spacingStack-md-bottom l-gutter b-media\" data-scrollfx=\"\" data-scrollfx-screen-threshold=\"0.3\" data-scrollfx-active-class=\"s-effectOn\">\n<div class=\"l-container\">\n<figure class=\"c-media c-media-image \">\n<div class=\"c-media_wrapper\">\n<div class=\"color-bg-transparent\">\n<div class=\"w-100\">\n<div><img decoding=\"async\" class=\"js-lazy-img w-100 entered loaded\" src=\"https:\/\/s14418.pcdn.co\/es\/wp-content\/themes\/brandwatch\/src\/core\/endpoints\/resize.php?image=uploads\/2021\/09\/HXcQO-poblaci-n-usuarios-de-facebook-y-reacciones-totales-al-contenido-publicado-en-esta-plataforma.png&amp;width=1024\" srcset=\"https:\/\/s14418.pcdn.co\/es\/wp-content\/themes\/brandwatch\/src\/core\/endpoints\/resize.php?image=uploads\/2021\/09\/HXcQO-poblaci-n-usuarios-de-facebook-y-reacciones-totales-al-contenido-publicado-en-esta-plataforma.png&amp;width=380 380w, https:\/\/s14418.pcdn.co\/es\/wp-content\/themes\/brandwatch\/src\/core\/endpoints\/resize.php?image=uploads\/2021\/09\/HXcQO-poblaci-n-usuarios-de-facebook-y-reacciones-totales-al-contenido-publicado-en-esta-plataforma.png&amp;width=500 500w, https:\/\/s14418.pcdn.co\/es\/wp-content\/themes\/brandwatch\/src\/core\/endpoints\/resize.php?image=uploads\/2021\/09\/HXcQO-poblaci-n-usuarios-de-facebook-y-reacciones-totales-al-contenido-publicado-en-esta-plataforma.png&amp;width=768 768w, https:\/\/s14418.pcdn.co\/es\/wp-content\/themes\/brandwatch\/src\/core\/endpoints\/resize.php?image=uploads\/2021\/09\/HXcQO-poblaci-n-usuarios-de-facebook-y-reacciones-totales-al-contenido-publicado-en-esta-plataforma.png&amp;width=1024 1024w, https:\/\/s14418.pcdn.co\/es\/wp-content\/themes\/brandwatch\/src\/core\/endpoints\/resize.php?image=uploads\/2021\/09\/HXcQO-poblaci-n-usuarios-de-facebook-y-reacciones-totales-al-contenido-publicado-en-esta-plataforma.png&amp;width=0 1760w\" data-src=\"https:\/\/s14418.pcdn.co\/es\/wp-content\/themes\/brandwatch\/src\/core\/endpoints\/resize.php?image=uploads\/2021\/09\/HXcQO-poblaci-n-usuarios-de-facebook-y-reacciones-totales-al-contenido-publicado-en-esta-plataforma.png&amp;width=1024\" data-srcset=\"https:\/\/s14418.pcdn.co\/es\/wp-content\/themes\/brandwatch\/src\/core\/endpoints\/resize.php?image=uploads\/2021\/09\/HXcQO-poblaci-n-usuarios-de-facebook-y-reacciones-totales-al-contenido-publicado-en-esta-plataforma.png&amp;width=380 380w, https:\/\/s14418.pcdn.co\/es\/wp-content\/themes\/brandwatch\/src\/core\/endpoints\/resize.php?image=uploads\/2021\/09\/HXcQO-poblaci-n-usuarios-de-facebook-y-reacciones-totales-al-contenido-publicado-en-esta-plataforma.png&amp;width=500 500w, https:\/\/s14418.pcdn.co\/es\/wp-content\/themes\/brandwatch\/src\/core\/endpoints\/resize.php?image=uploads\/2021\/09\/HXcQO-poblaci-n-usuarios-de-facebook-y-reacciones-totales-al-contenido-publicado-en-esta-plataforma.png&amp;width=768 768w, https:\/\/s14418.pcdn.co\/es\/wp-content\/themes\/brandwatch\/src\/core\/endpoints\/resize.php?image=uploads\/2021\/09\/HXcQO-poblaci-n-usuarios-de-facebook-y-reacciones-totales-al-contenido-publicado-en-esta-plataforma.png&amp;width=1024 1024w, https:\/\/s14418.pcdn.co\/es\/wp-content\/themes\/brandwatch\/src\/core\/endpoints\/resize.php?image=uploads\/2021\/09\/HXcQO-poblaci-n-usuarios-de-facebook-y-reacciones-totales-al-contenido-publicado-en-esta-plataforma.png&amp;width=0 1760w\" data-ll-status=\"loaded\" \/><\/div>\n<\/div>\n<\/div>\n<\/div>\n<\/figure>\n<\/div>\n<\/div>\n<\/section>\n<section class=\"relative\"><span id=\"block-20\" class=\"c-nav-jumplink-offset\"><\/span><\/p>\n<div class=\" l-spacingStack-sm-bottom l-gutter\">\n<div>\n<div class=\"l-container c-editorContent u-theme-editorContent\">\n<p>As\u00ed, hemos descubierto que:<\/p>\n<ul>\n<li>Estados Unidos s\u00ed que es el pa\u00eds m\u00e1s poblado y el que m\u00e1s utiliza Facebook en comparaci\u00f3n con el resto de pa\u00edses estudiados, lo que explica la cantidad de reacciones.<\/li>\n<li>El n\u00famero total de reacciones superaba la poblaci\u00f3n de cada uno de los pa\u00edses, a excepci\u00f3n de Alemania.<\/li>\n<li>Estados Unidos tambi\u00e9n sobrepasaba el uso de Facebook de cada una de las naciones estudiadas, con una media de al menos una reacci\u00f3n por persona en Facebook.<\/li>\n<\/ul>\n<p>Entonces, \u00bfcu\u00e1ntas reacciones por persona gener\u00f3 cada pa\u00eds?<\/p>\n<p>\u00bfY cu\u00e1l es uso de Facebook seg\u00fan el porcentaje de la poblaci\u00f3n?<\/p>\n<\/div>\n<\/div>\n<\/div>\n<\/section>\n<section class=\"relative\"><span id=\"block-21\" class=\"c-nav-jumplink-offset\"><\/span><\/p>\n<div class=\"l-spacingStack-md-bottom l-gutter b-media\" data-scrollfx=\"\" data-scrollfx-screen-threshold=\"0.3\" data-scrollfx-active-class=\"s-effectOn\">\n<div class=\"l-container\">\n<figure class=\"c-media c-media-image \">\n<div class=\"c-media_wrapper\">\n<div class=\"color-bg-transparent\">\n<div class=\"w-100\">\n<div><img decoding=\"async\" class=\"js-lazy-img w-100 entered loaded\" src=\"https:\/\/s14418.pcdn.co\/es\/wp-content\/themes\/brandwatch\/src\/core\/endpoints\/resize.php?image=uploads\/2021\/09\/CdV19-cu-ntas-reacciones-al-contenido-de-facebook-genera-cada-persona-en-diferentes-pa-ses-.png&amp;width=1024\" srcset=\"https:\/\/s14418.pcdn.co\/es\/wp-content\/themes\/brandwatch\/src\/core\/endpoints\/resize.php?image=uploads\/2021\/09\/CdV19-cu-ntas-reacciones-al-contenido-de-facebook-genera-cada-persona-en-diferentes-pa-ses-.png&amp;width=380 380w, https:\/\/s14418.pcdn.co\/es\/wp-content\/themes\/brandwatch\/src\/core\/endpoints\/resize.php?image=uploads\/2021\/09\/CdV19-cu-ntas-reacciones-al-contenido-de-facebook-genera-cada-persona-en-diferentes-pa-ses-.png&amp;width=500 500w, https:\/\/s14418.pcdn.co\/es\/wp-content\/themes\/brandwatch\/src\/core\/endpoints\/resize.php?image=uploads\/2021\/09\/CdV19-cu-ntas-reacciones-al-contenido-de-facebook-genera-cada-persona-en-diferentes-pa-ses-.png&amp;width=768 768w, https:\/\/s14418.pcdn.co\/es\/wp-content\/themes\/brandwatch\/src\/core\/endpoints\/resize.php?image=uploads\/2021\/09\/CdV19-cu-ntas-reacciones-al-contenido-de-facebook-genera-cada-persona-en-diferentes-pa-ses-.png&amp;width=1024 1024w, https:\/\/s14418.pcdn.co\/es\/wp-content\/themes\/brandwatch\/src\/core\/endpoints\/resize.php?image=uploads\/2021\/09\/CdV19-cu-ntas-reacciones-al-contenido-de-facebook-genera-cada-persona-en-diferentes-pa-ses-.png&amp;width=0 1760w\" data-src=\"https:\/\/s14418.pcdn.co\/es\/wp-content\/themes\/brandwatch\/src\/core\/endpoints\/resize.php?image=uploads\/2021\/09\/CdV19-cu-ntas-reacciones-al-contenido-de-facebook-genera-cada-persona-en-diferentes-pa-ses-.png&amp;width=1024\" data-srcset=\"https:\/\/s14418.pcdn.co\/es\/wp-content\/themes\/brandwatch\/src\/core\/endpoints\/resize.php?image=uploads\/2021\/09\/CdV19-cu-ntas-reacciones-al-contenido-de-facebook-genera-cada-persona-en-diferentes-pa-ses-.png&amp;width=380 380w, https:\/\/s14418.pcdn.co\/es\/wp-content\/themes\/brandwatch\/src\/core\/endpoints\/resize.php?image=uploads\/2021\/09\/CdV19-cu-ntas-reacciones-al-contenido-de-facebook-genera-cada-persona-en-diferentes-pa-ses-.png&amp;width=500 500w, https:\/\/s14418.pcdn.co\/es\/wp-content\/themes\/brandwatch\/src\/core\/endpoints\/resize.php?image=uploads\/2021\/09\/CdV19-cu-ntas-reacciones-al-contenido-de-facebook-genera-cada-persona-en-diferentes-pa-ses-.png&amp;width=768 768w, https:\/\/s14418.pcdn.co\/es\/wp-content\/themes\/brandwatch\/src\/core\/endpoints\/resize.php?image=uploads\/2021\/09\/CdV19-cu-ntas-reacciones-al-contenido-de-facebook-genera-cada-persona-en-diferentes-pa-ses-.png&amp;width=1024 1024w, https:\/\/s14418.pcdn.co\/es\/wp-content\/themes\/brandwatch\/src\/core\/endpoints\/resize.php?image=uploads\/2021\/09\/CdV19-cu-ntas-reacciones-al-contenido-de-facebook-genera-cada-persona-en-diferentes-pa-ses-.png&amp;width=0 1760w\" data-ll-status=\"loaded\" \/><\/div>\n<\/div>\n<\/div>\n<\/div>\n<\/figure>\n<\/div>\n<\/div>\n<\/section>\n<section class=\"relative\"><span id=\"block-22\" class=\"c-nav-jumplink-offset\"><\/span><\/p>\n<div class=\" l-spacingStack-sm-bottom l-gutter\">\n<div>\n<div class=\"l-container c-editorContent u-theme-editorContent\">\n<p>Es interesante destacar que, en realidad, Singapur tiene un porcentaje de uso de Facebook mayor que el de EE.UU., pero en lo relativo a las reacciones por persona, es el tercero empezando por el final.<\/p>\n<p>Por lo tanto, utilizar mucho Facebook no tiene por qu\u00e9 significar que vaya a haber muchas interacciones. Claramente, algunos pa\u00edses tienen especial predilecci\u00f3n por las reacciones de esta red social.<\/p>\n<p>Dado que esta funcionalidad estuvo disponible en todos los pa\u00edses a la vez (2016), seguramente las diferencias culturales tengan algo que ver.<\/p>\n<p>De hecho, junto con otros muchos factores, tienen un gran impacto en c\u00f3mo expresamos nuestras emociones en la red. Un estudio reciente de\u00a0Frontiers\u00a0analiza precisamente esto.<\/p>\n<\/div>\n<\/div>\n<\/div>\n<\/section>\n<section class=\"relative\"><span id=\"block-23\" class=\"c-nav-jumplink-offset\"><\/span><\/p>\n<div class=\" l-gutter c-callout l-spacingStack-md-bottom relative z-1\">\n<div class=\"l-container \">\n<aside class=\"c-callout__pos\">\n<div class=\"c-callout__box\">\n<div class=\"c-editorContent c-editorContent--top-tail c-editorContent--sm-headings u-theme-editorContent\">\n<p><strong>Consejo profesional de Falcon.io<\/strong>\u00a0\ud83d\udca1 Seg\u00fan se expanden los negocios, los equipos de marketing han de tener en cuenta las diferencias culturales mientras idean campa\u00f1as de redes sociales y miden su tasa de \u00e9xito. S\u00e9 consciente de las connotaciones que tienen los\u00a0<em>emojis<\/em>\u00a0en las diferentes culturas antes de utilizarlos en una publicaci\u00f3n.<\/p>\n<\/div>\n<\/div>\n<\/aside>\n<\/div>\n<\/div>\n<\/section>\n<section class=\"relative\"><span id=\"block-24\" class=\"c-nav-jumplink-offset\"><\/span><\/p>\n<div class=\" l-spacingStack-sm-bottom l-gutter\">\n<div>\n<div class=\"l-container c-editorContent u-theme-editorContent\">\n<h4 id=\"section-reacciones-negativas-y-positivas\">Reacciones negativas y positivas<\/h4>\n<p>Las reacciones de Facebook y el uso de\u00a0<em>emojis<\/em>\u00a0tienen matices, y este m\u00e9todo de expresar emociones y opiniones puede resultar muy ambiguo sin conocer el contexto de la publicaci\u00f3n que se est\u00e1 compartiendo.<\/p>\n<p>Una carita alegre, por ejemplo, podr\u00eda ser una respuesta sarc\u00e1stica a una noticia, mientras que un coraz\u00f3n podr\u00eda utilizarse para demostrar compasi\u00f3n por el autor del contenido.<\/p>\n<p>Sin embargo, si generalizamos y asumimos que las reacciones \u00abpositivas\u00bb son positivas, y las \u00abnegativas\u00bb son negativas, podemos ver de qu\u00e9 manera suelen expresarse los diferentes pa\u00edses.<\/p>\n<p>Las reacciones \u00abpositivas\u00bb de Facebook incluyen:<\/p>\n<ul>\n<li>Me encanta<\/li>\n<li>Me divierte<\/li>\n<li>Me asombra<\/li>\n<\/ul>\n<\/div>\n<\/div>\n<\/div>\n<\/section>\n<section class=\"relative\"><span id=\"block-25\" class=\"c-nav-jumplink-offset\"><\/span><\/p>\n<div class=\"l-spacingStack-md-bottom l-gutter b-media\" data-scrollfx=\"\" data-scrollfx-screen-threshold=\"0.3\" data-scrollfx-active-class=\"s-effectOn\">\n<div class=\"l-container\">\n<figure class=\"c-media c-media-image \">\n<div class=\"c-media_wrapper\">\n<div class=\"color-bg-transparent\">\n<div class=\"w-100\">\n<div><img decoding=\"async\" class=\"js-lazy-img w-100 entered loaded\" src=\"https:\/\/s14418.pcdn.co\/es\/wp-content\/themes\/brandwatch\/src\/core\/endpoints\/resize.php?image=uploads\/2021\/09\/2BxXB-porcentaje-de-reacciones-positivas-en-facebook-por-pa-s-.png&amp;width=1024\" srcset=\"https:\/\/s14418.pcdn.co\/es\/wp-content\/themes\/brandwatch\/src\/core\/endpoints\/resize.php?image=uploads\/2021\/09\/2BxXB-porcentaje-de-reacciones-positivas-en-facebook-por-pa-s-.png&amp;width=380 380w, https:\/\/s14418.pcdn.co\/es\/wp-content\/themes\/brandwatch\/src\/core\/endpoints\/resize.php?image=uploads\/2021\/09\/2BxXB-porcentaje-de-reacciones-positivas-en-facebook-por-pa-s-.png&amp;width=500 500w, https:\/\/s14418.pcdn.co\/es\/wp-content\/themes\/brandwatch\/src\/core\/endpoints\/resize.php?image=uploads\/2021\/09\/2BxXB-porcentaje-de-reacciones-positivas-en-facebook-por-pa-s-.png&amp;width=768 768w, https:\/\/s14418.pcdn.co\/es\/wp-content\/themes\/brandwatch\/src\/core\/endpoints\/resize.php?image=uploads\/2021\/09\/2BxXB-porcentaje-de-reacciones-positivas-en-facebook-por-pa-s-.png&amp;width=1024 1024w, https:\/\/s14418.pcdn.co\/es\/wp-content\/themes\/brandwatch\/src\/core\/endpoints\/resize.php?image=uploads\/2021\/09\/2BxXB-porcentaje-de-reacciones-positivas-en-facebook-por-pa-s-.png&amp;width=0 1760w\" data-src=\"https:\/\/s14418.pcdn.co\/es\/wp-content\/themes\/brandwatch\/src\/core\/endpoints\/resize.php?image=uploads\/2021\/09\/2BxXB-porcentaje-de-reacciones-positivas-en-facebook-por-pa-s-.png&amp;width=1024\" data-srcset=\"https:\/\/s14418.pcdn.co\/es\/wp-content\/themes\/brandwatch\/src\/core\/endpoints\/resize.php?image=uploads\/2021\/09\/2BxXB-porcentaje-de-reacciones-positivas-en-facebook-por-pa-s-.png&amp;width=380 380w, https:\/\/s14418.pcdn.co\/es\/wp-content\/themes\/brandwatch\/src\/core\/endpoints\/resize.php?image=uploads\/2021\/09\/2BxXB-porcentaje-de-reacciones-positivas-en-facebook-por-pa-s-.png&amp;width=500 500w, https:\/\/s14418.pcdn.co\/es\/wp-content\/themes\/brandwatch\/src\/core\/endpoints\/resize.php?image=uploads\/2021\/09\/2BxXB-porcentaje-de-reacciones-positivas-en-facebook-por-pa-s-.png&amp;width=768 768w, https:\/\/s14418.pcdn.co\/es\/wp-content\/themes\/brandwatch\/src\/core\/endpoints\/resize.php?image=uploads\/2021\/09\/2BxXB-porcentaje-de-reacciones-positivas-en-facebook-por-pa-s-.png&amp;width=1024 1024w, https:\/\/s14418.pcdn.co\/es\/wp-content\/themes\/brandwatch\/src\/core\/endpoints\/resize.php?image=uploads\/2021\/09\/2BxXB-porcentaje-de-reacciones-positivas-en-facebook-por-pa-s-.png&amp;width=0 1760w\" data-ll-status=\"loaded\" \/><\/div>\n<\/div>\n<\/div>\n<\/div>\n<\/figure>\n<\/div>\n<\/div>\n<\/section>\n<section class=\"relative\"><span id=\"block-26\" class=\"c-nav-jumplink-offset\"><\/span><\/p>\n<div class=\" l-spacingStack-sm-bottom l-gutter\">\n<div>\n<div class=\"l-container c-editorContent u-theme-editorContent\">\n<p>Reino Unido es el pa\u00eds con m\u00e1s reacciones positivas en Facebook, seguido de Singapur.<\/p>\n<p>Las reacciones \u00abnegativas\u00bb de Facebook incluyen:<\/p>\n<ul>\n<li>Me enfada<\/li>\n<li>Me entristece<\/li>\n<\/ul>\n<\/div>\n<\/div>\n<\/div>\n<\/section>\n<section class=\"relative\"><span id=\"block-27\" class=\"c-nav-jumplink-offset\"><\/span><\/p>\n<div class=\"l-spacingStack-md-bottom l-gutter b-media\" data-scrollfx=\"\" data-scrollfx-screen-threshold=\"0.3\" data-scrollfx-active-class=\"s-effectOn\">\n<div class=\"l-container\">\n<figure class=\"c-media c-media-image \">\n<div class=\"c-media_wrapper\">\n<div class=\"color-bg-transparent\">\n<div class=\"w-100\">\n<div><img decoding=\"async\" class=\"js-lazy-img w-100 entered loaded\" src=\"https:\/\/s14418.pcdn.co\/es\/wp-content\/themes\/brandwatch\/src\/core\/endpoints\/resize.php?image=uploads\/2021\/09\/AjaD1-porcentaje-de-reacciones-negativas-en-facebook-por-pa-s.png&amp;width=1024\" srcset=\"https:\/\/s14418.pcdn.co\/es\/wp-content\/themes\/brandwatch\/src\/core\/endpoints\/resize.php?image=uploads\/2021\/09\/AjaD1-porcentaje-de-reacciones-negativas-en-facebook-por-pa-s.png&amp;width=380 380w, https:\/\/s14418.pcdn.co\/es\/wp-content\/themes\/brandwatch\/src\/core\/endpoints\/resize.php?image=uploads\/2021\/09\/AjaD1-porcentaje-de-reacciones-negativas-en-facebook-por-pa-s.png&amp;width=500 500w, https:\/\/s14418.pcdn.co\/es\/wp-content\/themes\/brandwatch\/src\/core\/endpoints\/resize.php?image=uploads\/2021\/09\/AjaD1-porcentaje-de-reacciones-negativas-en-facebook-por-pa-s.png&amp;width=768 768w, https:\/\/s14418.pcdn.co\/es\/wp-content\/themes\/brandwatch\/src\/core\/endpoints\/resize.php?image=uploads\/2021\/09\/AjaD1-porcentaje-de-reacciones-negativas-en-facebook-por-pa-s.png&amp;width=1024 1024w, https:\/\/s14418.pcdn.co\/es\/wp-content\/themes\/brandwatch\/src\/core\/endpoints\/resize.php?image=uploads\/2021\/09\/AjaD1-porcentaje-de-reacciones-negativas-en-facebook-por-pa-s.png&amp;width=0 1760w\" data-src=\"https:\/\/s14418.pcdn.co\/es\/wp-content\/themes\/brandwatch\/src\/core\/endpoints\/resize.php?image=uploads\/2021\/09\/AjaD1-porcentaje-de-reacciones-negativas-en-facebook-por-pa-s.png&amp;width=1024\" data-srcset=\"https:\/\/s14418.pcdn.co\/es\/wp-content\/themes\/brandwatch\/src\/core\/endpoints\/resize.php?image=uploads\/2021\/09\/AjaD1-porcentaje-de-reacciones-negativas-en-facebook-por-pa-s.png&amp;width=380 380w, https:\/\/s14418.pcdn.co\/es\/wp-content\/themes\/brandwatch\/src\/core\/endpoints\/resize.php?image=uploads\/2021\/09\/AjaD1-porcentaje-de-reacciones-negativas-en-facebook-por-pa-s.png&amp;width=500 500w, https:\/\/s14418.pcdn.co\/es\/wp-content\/themes\/brandwatch\/src\/core\/endpoints\/resize.php?image=uploads\/2021\/09\/AjaD1-porcentaje-de-reacciones-negativas-en-facebook-por-pa-s.png&amp;width=768 768w, https:\/\/s14418.pcdn.co\/es\/wp-content\/themes\/brandwatch\/src\/core\/endpoints\/resize.php?image=uploads\/2021\/09\/AjaD1-porcentaje-de-reacciones-negativas-en-facebook-por-pa-s.png&amp;width=1024 1024w, https:\/\/s14418.pcdn.co\/es\/wp-content\/themes\/brandwatch\/src\/core\/endpoints\/resize.php?image=uploads\/2021\/09\/AjaD1-porcentaje-de-reacciones-negativas-en-facebook-por-pa-s.png&amp;width=0 1760w\" data-ll-status=\"loaded\" \/><\/div>\n<\/div>\n<\/div>\n<\/div>\n<\/figure>\n<\/div>\n<\/div>\n<\/section>\n<section class=\"relative\"><span id=\"block-28\" class=\"c-nav-jumplink-offset\"><\/span><\/p>\n<div class=\" l-spacingStack-sm-bottom l-gutter\">\n<div>\n<div class=\"l-container c-editorContent u-theme-editorContent\">\n<p>Alemania es el pa\u00eds con m\u00e1s reacciones negativas en Facebook, seguido de Espa\u00f1a e Italia.<\/p>\n<h4 id=\"section-las-reacciones-en-facebook-por-tema\u00a0%3b\">Las reacciones en Facebook por tema<\/h4>\n<p>Tambi\u00e9n le hemos echado un vistazo al desglose de reacciones por tema.<\/p>\n<p>Para hacer una selecci\u00f3n, hemos utilizado el sistema de etiquetado de temas de Medium.com y nos hemos centrado en las etiquetas que han tenido m\u00e1s de 100 art\u00edculos asociados durante un a\u00f1o.<\/p>\n<p>Hemos analizado un total de 3000 temas y descubierto cu\u00e1les generaban m\u00e1s reacciones.<\/p>\n<p>Estos son los tres temas que m\u00e1s reacciones han recibido.<\/p>\n<p>En concreto, recibieron una lluvia de \u00abme encanta\u00bb:<\/p>\n<ul>\n<li>BTS<\/li>\n<li>Perro<\/li>\n<li>Beb\u00e9<\/li>\n<\/ul>\n<p>De hecho, siete de los diez temas con m\u00e1s reacciones tambi\u00e9n se corresponden con \u00abme encanta\u00bb.<\/p>\n<p>La influencia internacional de BTS, el grupo de K-pop, es inmensa.<\/p>\n<p>A principios de a\u00f1o publicamos\u00a010 hechos sorprendentes de BTS. En este art\u00edculo se explica que entre enero de 2013 y diciembre de 2020 se mencion\u00f3 a BTS un total de 2\u00a0395\u00a0082\u00a0950 veces (lo que hace una media de 958\u00a0597 diarias).<\/p>\n<p>Una b\u00fasqueda r\u00e1pida en BuzzSumo ha revelado que desde el 1 de enero hasta el 30 de junio se han publicado 499\u00a0503 art\u00edculos, que han generado un total de 434\u00a0976\u00a0625 interacciones.<\/p>\n<p>La publicaci\u00f3n m\u00e1s popular sobre BTS gener\u00f3 la friolera de 28 millones de interacciones en Facebook.<\/p>\n<\/div>\n<\/div>\n<\/div>\n<\/section>\n<section class=\"relative\"><span id=\"block-29\" class=\"c-nav-jumplink-offset\"><\/span><\/p>\n<div class=\" l-gutter c-callout l-spacingStack-md-bottom relative z-1\">\n<div class=\"l-container \">\n<aside class=\"c-callout__pos\">\n<div class=\"c-callout__box\">\n<div class=\"c-editorContent c-editorContent--top-tail c-editorContent--sm-headings u-theme-editorContent\">\n<p>Consejo profesional de Falcon.io\ud83d\udca1 La extraordinaria popularidad de BTS, la subsecuente interacci\u00f3n en redes sociales y el aumento en las ventas para sus asociados son los mayores indicadores del poder que tienen las promociones y colaboraciones con famosos.<\/p>\n<p>Por ejemplo, los datos de\u00a0Benchmark\u00a0muestran que\u00a0esta publicaci\u00f3n de Louis Vuitton\u00a0en la que se anunciaba que los integrantes de BTS ser\u00edan sus nuevos embajadores le brind\u00f3 a la marca su segundo n\u00famero de interacciones m\u00e1s alto entre todas sus publicaciones de la primera mitad de 2021.<\/p>\n<\/div>\n<\/div>\n<\/aside>\n<\/div>\n<\/div>\n<\/section>\n<section class=\"relative\"><span id=\"block-30\" class=\"c-nav-jumplink-offset\"><\/span><\/p>\n<div class=\" l-spacingStack-sm-bottom l-gutter\">\n<div>\n<div class=\"l-container c-editorContent u-theme-editorContent\">\n<h4 id=\"section-temas-positivos-y-negativos\">Temas positivos y negativos<\/h4>\n<p>En general, los temas con los que ha interactuado la gente en Facebook durante la primera mitad de 2021 eran m\u00e1s positivos que negativos.<\/p>\n<p>Si sumamos las reacciones totales de los cinco temas principales de cada categor\u00eda (\u00abme encanta\u00bb, \u00abme enfada\u00bb, etc.), descubrimos que el contenido que enternec\u00eda o hac\u00eda re\u00edr era el que generaba m\u00e1s reacciones.<\/p>\n<\/div>\n<\/div>\n<\/div>\n<\/section>\n<section class=\"relative\"><span id=\"block-31\" class=\"c-nav-jumplink-offset\"><\/span><\/p>\n<div class=\"l-spacingStack-md-bottom l-gutter b-media\" data-scrollfx=\"\" data-scrollfx-screen-threshold=\"0.3\" data-scrollfx-active-class=\"s-effectOn\">\n<div class=\"l-container\">\n<figure class=\"c-media c-media-image \">\n<div class=\"c-media_wrapper\">\n<div class=\"color-bg-transparent\">\n<div class=\"w-100\">\n<div><img decoding=\"async\" class=\"js-lazy-img w-100 entered loaded\" src=\"https:\/\/s14418.pcdn.co\/es\/wp-content\/themes\/brandwatch\/src\/core\/endpoints\/resize.php?image=uploads\/2021\/09\/jYm4y-las-principales-reacciones-al-contenido-de-facebook.png&amp;width=1024\" srcset=\"https:\/\/s14418.pcdn.co\/es\/wp-content\/themes\/brandwatch\/src\/core\/endpoints\/resize.php?image=uploads\/2021\/09\/jYm4y-las-principales-reacciones-al-contenido-de-facebook.png&amp;width=380 380w, https:\/\/s14418.pcdn.co\/es\/wp-content\/themes\/brandwatch\/src\/core\/endpoints\/resize.php?image=uploads\/2021\/09\/jYm4y-las-principales-reacciones-al-contenido-de-facebook.png&amp;width=500 500w, https:\/\/s14418.pcdn.co\/es\/wp-content\/themes\/brandwatch\/src\/core\/endpoints\/resize.php?image=uploads\/2021\/09\/jYm4y-las-principales-reacciones-al-contenido-de-facebook.png&amp;width=768 768w, https:\/\/s14418.pcdn.co\/es\/wp-content\/themes\/brandwatch\/src\/core\/endpoints\/resize.php?image=uploads\/2021\/09\/jYm4y-las-principales-reacciones-al-contenido-de-facebook.png&amp;width=1024 1024w, https:\/\/s14418.pcdn.co\/es\/wp-content\/themes\/brandwatch\/src\/core\/endpoints\/resize.php?image=uploads\/2021\/09\/jYm4y-las-principales-reacciones-al-contenido-de-facebook.png&amp;width=0 1760w\" data-src=\"https:\/\/s14418.pcdn.co\/es\/wp-content\/themes\/brandwatch\/src\/core\/endpoints\/resize.php?image=uploads\/2021\/09\/jYm4y-las-principales-reacciones-al-contenido-de-facebook.png&amp;width=1024\" data-srcset=\"https:\/\/s14418.pcdn.co\/es\/wp-content\/themes\/brandwatch\/src\/core\/endpoints\/resize.php?image=uploads\/2021\/09\/jYm4y-las-principales-reacciones-al-contenido-de-facebook.png&amp;width=380 380w, https:\/\/s14418.pcdn.co\/es\/wp-content\/themes\/brandwatch\/src\/core\/endpoints\/resize.php?image=uploads\/2021\/09\/jYm4y-las-principales-reacciones-al-contenido-de-facebook.png&amp;width=500 500w, https:\/\/s14418.pcdn.co\/es\/wp-content\/themes\/brandwatch\/src\/core\/endpoints\/resize.php?image=uploads\/2021\/09\/jYm4y-las-principales-reacciones-al-contenido-de-facebook.png&amp;width=768 768w, https:\/\/s14418.pcdn.co\/es\/wp-content\/themes\/brandwatch\/src\/core\/endpoints\/resize.php?image=uploads\/2021\/09\/jYm4y-las-principales-reacciones-al-contenido-de-facebook.png&amp;width=1024 1024w, https:\/\/s14418.pcdn.co\/es\/wp-content\/themes\/brandwatch\/src\/core\/endpoints\/resize.php?image=uploads\/2021\/09\/jYm4y-las-principales-reacciones-al-contenido-de-facebook.png&amp;width=0 1760w\" data-ll-status=\"loaded\" \/><\/div>\n<\/div>\n<\/div>\n<\/div>\n<\/figure>\n<\/div>\n<\/div>\n<\/section>\n<section class=\"relative\"><span id=\"block-32\" class=\"c-nav-jumplink-offset\"><\/span><\/p>\n<div class=\" l-spacingStack-sm-bottom l-gutter\">\n<div>\n<div class=\"l-container c-editorContent u-theme-editorContent\">\n<p><strong>Cosas que motivan los \u00abme encanta\u00bb:<\/strong><\/p>\n<ul>\n<li>Cumplea\u00f1os<\/li>\n<li>Fotos<\/li>\n<li>Canciones<\/li>\n<\/ul>\n<p><strong>Cosas que motivan los \u00abme asombra\u00bb:<\/strong><\/p>\n<ul>\n<li>Drones<\/li>\n<li>F\u00edsica<\/li>\n<li>Inteligencia artificial<\/li>\n<\/ul>\n<p><strong>Cosas que motivan los \u00abme enfada\u00bb:<\/strong><\/p>\n<ul>\n<li>Estudiantes<\/li>\n<li>Impuestos<\/li>\n<li>Trabajos<\/li>\n<\/ul>\n<p><strong>Cosas que motivan los \u00abme divierte\u00bb:<\/strong><\/p>\n<ul>\n<li>Memes<\/li>\n<li>Bitcoin<\/li>\n<li>Elon Musk<\/li>\n<\/ul>\n<p><strong>Cosas que motivan los \u00abme entristece\u00bb:<\/strong><\/p>\n<ul>\n<li>Pl\u00e1sticos<\/li>\n<li>Jubilaci\u00f3n<\/li>\n<li>Contaminaci\u00f3n<\/li>\n<\/ul>\n<\/div>\n<\/div>\n<\/div>\n<\/section>\n<section class=\"relative\"><span id=\"block-33\" class=\"c-nav-jumplink-offset\"><\/span><\/p>\n<div class=\" l-spacingStack-sm-bottom l-gutter b-contentCTA\">\n<div class=\"l-container\">\n<div class=\"c-contentCTA_details\">\n<div class=\"c-contentCTA_details_pos\"><\/div>\n<\/div>\n<\/div>\n<\/div>\n<\/section>\n<section class=\"relative\"><span id=\"block-34\" class=\"c-nav-jumplink-offset\"><\/span><\/p>\n<div class=\" l-spacingStack-sm-bottom l-gutter\">\n<div>\n<div class=\"l-container c-editorContent u-theme-editorContent\">\n<h4 id=\"section-c\u00f3mo-utilizamos-los-%3cem%3eemojis%3c%2fem%3e-en-las-redes\">C\u00f3mo utilizamos los\u00a0<em>emojis<\/em>\u00a0en las redes<\/h4>\n<p>Tambi\u00e9n le hemos echado un vistazo a casi 20\u00a0mil\u00a0millones de\u00a0<em>emojis<\/em>\u00a0compartidos en publicaciones en redes sociales durante estos seis meses para descubrir c\u00f3mo se utilizan en conversaciones entre consumidores, generaciones y marcas con mensajes de cara al p\u00fablico.<\/p>\n<p>Estos son los 10\u00a0<em>emojis<\/em>\u00a0m\u00e1s utilizados durante la primera mitad de 2021.<\/p>\n<\/div>\n<\/div>\n<\/div>\n<\/section>\n<section class=\"relative\"><span id=\"block-35\" class=\"c-nav-jumplink-offset\"><\/span><\/p>\n<div class=\"l-spacingStack-md-bottom l-gutter b-media\" data-scrollfx=\"\" data-scrollfx-screen-threshold=\"0.3\" data-scrollfx-active-class=\"s-effectOn\">\n<div class=\"l-container\">\n<figure class=\"c-media c-media-image \">\n<div class=\"c-media_wrapper\">\n<div class=\"color-bg-transparent\">\n<div class=\"w-100\">\n<div><img decoding=\"async\" class=\"js-lazy-img w-100 entered loaded\" src=\"https:\/\/s14418.pcdn.co\/es\/wp-content\/themes\/brandwatch\/src\/core\/endpoints\/resize.php?image=uploads\/2021\/09\/Gga4X-emojis-m-s-utilizados-en-la-primera-mitad-de-2021.png&amp;width=1024\" srcset=\"https:\/\/s14418.pcdn.co\/es\/wp-content\/themes\/brandwatch\/src\/core\/endpoints\/resize.php?image=uploads\/2021\/09\/Gga4X-emojis-m-s-utilizados-en-la-primera-mitad-de-2021.png&amp;width=380 380w, https:\/\/s14418.pcdn.co\/es\/wp-content\/themes\/brandwatch\/src\/core\/endpoints\/resize.php?image=uploads\/2021\/09\/Gga4X-emojis-m-s-utilizados-en-la-primera-mitad-de-2021.png&amp;width=500 500w, https:\/\/s14418.pcdn.co\/es\/wp-content\/themes\/brandwatch\/src\/core\/endpoints\/resize.php?image=uploads\/2021\/09\/Gga4X-emojis-m-s-utilizados-en-la-primera-mitad-de-2021.png&amp;width=768 768w, https:\/\/s14418.pcdn.co\/es\/wp-content\/themes\/brandwatch\/src\/core\/endpoints\/resize.php?image=uploads\/2021\/09\/Gga4X-emojis-m-s-utilizados-en-la-primera-mitad-de-2021.png&amp;width=1024 1024w, https:\/\/s14418.pcdn.co\/es\/wp-content\/themes\/brandwatch\/src\/core\/endpoints\/resize.php?image=uploads\/2021\/09\/Gga4X-emojis-m-s-utilizados-en-la-primera-mitad-de-2021.png&amp;width=0 1760w\" data-src=\"https:\/\/s14418.pcdn.co\/es\/wp-content\/themes\/brandwatch\/src\/core\/endpoints\/resize.php?image=uploads\/2021\/09\/Gga4X-emojis-m-s-utilizados-en-la-primera-mitad-de-2021.png&amp;width=1024\" data-srcset=\"https:\/\/s14418.pcdn.co\/es\/wp-content\/themes\/brandwatch\/src\/core\/endpoints\/resize.php?image=uploads\/2021\/09\/Gga4X-emojis-m-s-utilizados-en-la-primera-mitad-de-2021.png&amp;width=380 380w, https:\/\/s14418.pcdn.co\/es\/wp-content\/themes\/brandwatch\/src\/core\/endpoints\/resize.php?image=uploads\/2021\/09\/Gga4X-emojis-m-s-utilizados-en-la-primera-mitad-de-2021.png&amp;width=500 500w, https:\/\/s14418.pcdn.co\/es\/wp-content\/themes\/brandwatch\/src\/core\/endpoints\/resize.php?image=uploads\/2021\/09\/Gga4X-emojis-m-s-utilizados-en-la-primera-mitad-de-2021.png&amp;width=768 768w, https:\/\/s14418.pcdn.co\/es\/wp-content\/themes\/brandwatch\/src\/core\/endpoints\/resize.php?image=uploads\/2021\/09\/Gga4X-emojis-m-s-utilizados-en-la-primera-mitad-de-2021.png&amp;width=1024 1024w, https:\/\/s14418.pcdn.co\/es\/wp-content\/themes\/brandwatch\/src\/core\/endpoints\/resize.php?image=uploads\/2021\/09\/Gga4X-emojis-m-s-utilizados-en-la-primera-mitad-de-2021.png&amp;width=0 1760w\" data-ll-status=\"loaded\" \/><\/div>\n<\/div>\n<\/div>\n<\/div>\n<\/figure>\n<\/div>\n<\/div>\n<\/section>\n<section class=\"relative\"><span id=\"block-36\" class=\"c-nav-jumplink-offset\"><\/span><\/p>\n<div class=\" l-spacingStack-sm-bottom l-gutter\">\n<div>\n<div class=\"l-container c-editorContent u-theme-editorContent\">\n<p>De los 10, 8 expresaban sentimientos positivos, con \ud83d\ude2d (el\u00a0<em>emoji\u00a0<\/em>de la cara de llanto fuente) a la cabeza de la lista de 2021.<\/p>\n<p>Hemos comparado los\u00a0<em>emojis<\/em>\u00a0m\u00e1s utilizados en 2020 con los de 2021 y esto es lo que hemos descubierto:<\/p>\n<ul>\n<li>La carita de llanto fuerte es el segundo\u00a0<em>emoji\u00a0<\/em>m\u00e1s compartido en 2021 y la cara con l\u00e1grimas de alegr\u00eda fue el n\u00famero uno (\u00a1luego te contamos m\u00e1s!).<\/li>\n<li>\u2728, \u2764\ufe0f y \ud83e\udd23 se han mantenido como el n\u00famero 3, 4, 5, y 6 durante dos a\u00f1os seguidos.<\/li>\n<li>\ud83d\udd25 y \ud83d\ude4f ganaron terreno en 2021, expulsando esta vez a \ud83d\ude0a del top 10.<\/li>\n<\/ul>\n<\/div>\n<\/div>\n<\/div>\n<\/section>\n<section class=\"relative\"><span id=\"block-37\" class=\"c-nav-jumplink-offset\"><\/span><\/p>\n<div class=\"l-spacingStack-md-bottom l-gutter b-media\" data-scrollfx=\"\" data-scrollfx-screen-threshold=\"0.3\" data-scrollfx-active-class=\"s-effectOn\">\n<div class=\"l-container\">\n<figure class=\"c-media c-media-image \">\n<div class=\"c-media_wrapper\">\n<div class=\"color-bg-transparent\">\n<div class=\"w-100\">\n<div><img decoding=\"async\" class=\"js-lazy-img w-100 entered loaded\" src=\"https:\/\/s14418.pcdn.co\/es\/wp-content\/themes\/brandwatch\/src\/core\/endpoints\/resize.php?image=uploads\/2021\/09\/fr8Wp-los-10-emojis-m-s-usados-en-2020.png&amp;width=1024\" srcset=\"https:\/\/s14418.pcdn.co\/es\/wp-content\/themes\/brandwatch\/src\/core\/endpoints\/resize.php?image=uploads\/2021\/09\/fr8Wp-los-10-emojis-m-s-usados-en-2020.png&amp;width=380 380w, https:\/\/s14418.pcdn.co\/es\/wp-content\/themes\/brandwatch\/src\/core\/endpoints\/resize.php?image=uploads\/2021\/09\/fr8Wp-los-10-emojis-m-s-usados-en-2020.png&amp;width=500 500w, https:\/\/s14418.pcdn.co\/es\/wp-content\/themes\/brandwatch\/src\/core\/endpoints\/resize.php?image=uploads\/2021\/09\/fr8Wp-los-10-emojis-m-s-usados-en-2020.png&amp;width=768 768w, https:\/\/s14418.pcdn.co\/es\/wp-content\/themes\/brandwatch\/src\/core\/endpoints\/resize.php?image=uploads\/2021\/09\/fr8Wp-los-10-emojis-m-s-usados-en-2020.png&amp;width=1024 1024w, https:\/\/s14418.pcdn.co\/es\/wp-content\/themes\/brandwatch\/src\/core\/endpoints\/resize.php?image=uploads\/2021\/09\/fr8Wp-los-10-emojis-m-s-usados-en-2020.png&amp;width=0 1760w\" data-src=\"https:\/\/s14418.pcdn.co\/es\/wp-content\/themes\/brandwatch\/src\/core\/endpoints\/resize.php?image=uploads\/2021\/09\/fr8Wp-los-10-emojis-m-s-usados-en-2020.png&amp;width=1024\" data-srcset=\"https:\/\/s14418.pcdn.co\/es\/wp-content\/themes\/brandwatch\/src\/core\/endpoints\/resize.php?image=uploads\/2021\/09\/fr8Wp-los-10-emojis-m-s-usados-en-2020.png&amp;width=380 380w, https:\/\/s14418.pcdn.co\/es\/wp-content\/themes\/brandwatch\/src\/core\/endpoints\/resize.php?image=uploads\/2021\/09\/fr8Wp-los-10-emojis-m-s-usados-en-2020.png&amp;width=500 500w, https:\/\/s14418.pcdn.co\/es\/wp-content\/themes\/brandwatch\/src\/core\/endpoints\/resize.php?image=uploads\/2021\/09\/fr8Wp-los-10-emojis-m-s-usados-en-2020.png&amp;width=768 768w, https:\/\/s14418.pcdn.co\/es\/wp-content\/themes\/brandwatch\/src\/core\/endpoints\/resize.php?image=uploads\/2021\/09\/fr8Wp-los-10-emojis-m-s-usados-en-2020.png&amp;width=1024 1024w, https:\/\/s14418.pcdn.co\/es\/wp-content\/themes\/brandwatch\/src\/core\/endpoints\/resize.php?image=uploads\/2021\/09\/fr8Wp-los-10-emojis-m-s-usados-en-2020.png&amp;width=0 1760w\" data-ll-status=\"loaded\" \/><\/div>\n<\/div>\n<\/div>\n<\/div>\n<\/figure>\n<\/div>\n<\/div>\n<\/section>\n<section class=\"relative\"><span id=\"block-38\" class=\"c-nav-jumplink-offset\"><\/span><\/p>\n<div class=\" l-spacingStack-sm-bottom l-gutter\">\n<div>\n<div class=\"l-container c-editorContent u-theme-editorContent\">\n<h4 id=\"section-\u00bfc\u00f3mo-ha-cambiado-el-uso-de-los-%3cem%3eemojis%3c%2fem%3e-en-estos-12-meses%3f\">\u00bfC\u00f3mo ha cambiado el uso de los\u00a0<em>emojis<\/em>\u00a0en estos 12 meses?<\/h4>\n<p>Hemos analizado los 10\u00a0<em>emojis\u00a0<\/em>m\u00e1s populares para ver si pod\u00edamos descubrir alguna tendencia escondida.<\/p>\n<\/div>\n<\/div>\n<\/div>\n<\/section>\n<section class=\"relative\"><span id=\"block-39\" class=\"c-nav-jumplink-offset\"><\/span><\/p>\n<div class=\"l-spacingStack-md-bottom l-gutter b-media\" data-scrollfx=\"\" data-scrollfx-screen-threshold=\"0.3\" data-scrollfx-active-class=\"s-effectOn\">\n<div class=\"l-container\">\n<figure class=\"c-media c-media-image \">\n<div class=\"c-media_wrapper\">\n<div class=\"color-bg-transparent\">\n<div class=\"w-100\">\n<div><img decoding=\"async\" class=\"js-lazy-img w-100 entered loaded\" src=\"https:\/\/s14418.pcdn.co\/es\/wp-content\/themes\/brandwatch\/src\/core\/endpoints\/resize.php?image=uploads\/2021\/09\/aoxJs-c-mo-han-cambiado-las-menciones-de-los-10-emojis-m-s-usados-a-lo-largo-del-tiempo-1.png&amp;width=1024\" srcset=\"https:\/\/s14418.pcdn.co\/es\/wp-content\/themes\/brandwatch\/src\/core\/endpoints\/resize.php?image=uploads\/2021\/09\/aoxJs-c-mo-han-cambiado-las-menciones-de-los-10-emojis-m-s-usados-a-lo-largo-del-tiempo-1.png&amp;width=380 380w, https:\/\/s14418.pcdn.co\/es\/wp-content\/themes\/brandwatch\/src\/core\/endpoints\/resize.php?image=uploads\/2021\/09\/aoxJs-c-mo-han-cambiado-las-menciones-de-los-10-emojis-m-s-usados-a-lo-largo-del-tiempo-1.png&amp;width=500 500w, https:\/\/s14418.pcdn.co\/es\/wp-content\/themes\/brandwatch\/src\/core\/endpoints\/resize.php?image=uploads\/2021\/09\/aoxJs-c-mo-han-cambiado-las-menciones-de-los-10-emojis-m-s-usados-a-lo-largo-del-tiempo-1.png&amp;width=768 768w, https:\/\/s14418.pcdn.co\/es\/wp-content\/themes\/brandwatch\/src\/core\/endpoints\/resize.php?image=uploads\/2021\/09\/aoxJs-c-mo-han-cambiado-las-menciones-de-los-10-emojis-m-s-usados-a-lo-largo-del-tiempo-1.png&amp;width=1024 1024w, https:\/\/s14418.pcdn.co\/es\/wp-content\/themes\/brandwatch\/src\/core\/endpoints\/resize.php?image=uploads\/2021\/09\/aoxJs-c-mo-han-cambiado-las-menciones-de-los-10-emojis-m-s-usados-a-lo-largo-del-tiempo-1.png&amp;width=0 1760w\" data-src=\"https:\/\/s14418.pcdn.co\/es\/wp-content\/themes\/brandwatch\/src\/core\/endpoints\/resize.php?image=uploads\/2021\/09\/aoxJs-c-mo-han-cambiado-las-menciones-de-los-10-emojis-m-s-usados-a-lo-largo-del-tiempo-1.png&amp;width=1024\" data-srcset=\"https:\/\/s14418.pcdn.co\/es\/wp-content\/themes\/brandwatch\/src\/core\/endpoints\/resize.php?image=uploads\/2021\/09\/aoxJs-c-mo-han-cambiado-las-menciones-de-los-10-emojis-m-s-usados-a-lo-largo-del-tiempo-1.png&amp;width=380 380w, https:\/\/s14418.pcdn.co\/es\/wp-content\/themes\/brandwatch\/src\/core\/endpoints\/resize.php?image=uploads\/2021\/09\/aoxJs-c-mo-han-cambiado-las-menciones-de-los-10-emojis-m-s-usados-a-lo-largo-del-tiempo-1.png&amp;width=500 500w, https:\/\/s14418.pcdn.co\/es\/wp-content\/themes\/brandwatch\/src\/core\/endpoints\/resize.php?image=uploads\/2021\/09\/aoxJs-c-mo-han-cambiado-las-menciones-de-los-10-emojis-m-s-usados-a-lo-largo-del-tiempo-1.png&amp;width=768 768w, https:\/\/s14418.pcdn.co\/es\/wp-content\/themes\/brandwatch\/src\/core\/endpoints\/resize.php?image=uploads\/2021\/09\/aoxJs-c-mo-han-cambiado-las-menciones-de-los-10-emojis-m-s-usados-a-lo-largo-del-tiempo-1.png&amp;width=1024 1024w, https:\/\/s14418.pcdn.co\/es\/wp-content\/themes\/brandwatch\/src\/core\/endpoints\/resize.php?image=uploads\/2021\/09\/aoxJs-c-mo-han-cambiado-las-menciones-de-los-10-emojis-m-s-usados-a-lo-largo-del-tiempo-1.png&amp;width=0 1760w\" data-ll-status=\"loaded\" \/><\/div>\n<\/div>\n<\/div>\n<\/div>\n<\/figure>\n<\/div>\n<\/div>\n<\/section>\n<section class=\"relative\"><span id=\"block-40\" class=\"c-nav-jumplink-offset\"><\/span><\/p>\n<div class=\" l-spacingStack-sm-bottom l-gutter\">\n<div>\n<div class=\"l-container c-editorContent u-theme-editorContent\">\n<p>\ud83d\udd25 (Fuego), \u2728 (chispas), y \ud83d\ude2d (cara de llanto fuerte) parecen gustar cada vez m\u00e1s.<\/p>\n<p>Tanto \ud83d\udd25 como \u2728 pueden utilizarse para transmitir emoci\u00f3n o admiraci\u00f3n.<\/p>\n<p>Adem\u00e1s, el\u00a0<em>emoji\u00a0<\/em>\ud83d\ude2d se describe en la\u00a0Emojipedia\u00a0como un emoticono que \u00abtransmite sentimientos incontrolables y abrumadores, desde duelo y decepci\u00f3n hasta j\u00fabilo y alegr\u00eda\u00bb.<\/p>\n<p>B\u00e1sicamente, \ud83d\ude2d se utiliza para exagerar y suele ir acompa\u00f1ado por otro de los\u00a0<em>emojis<\/em>\u00a0que reflejan \u00abentusiasmo\u00bb.<\/p>\n<p>\u00bfQu\u00e9 ha provocado los picos de menciones de estos tres emoticonos durante el \u00faltimo medio a\u00f1o?<\/p>\n<ul>\n<li>\ud83d\udd25 se ha empleado much\u00edsimo en conversaciones sobre el K-pop, en especial para mencionar a grupos populares como NCT Dream y BTS, as\u00ed como los iHeartRadio Awards.<\/li>\n<li>\ud83d\ude2d ha recibido casi 250\u00a0millones de menciones en conversaciones sobre #bts_butter, un<em>\u00a0hashtag\u00a0<\/em>que promocionaba una de las \u00faltimas canciones de BTS.<\/li>\n<li>Al parecer, \u2728 es muy popular en Twitter entre los hablantes de japon\u00e9s. Se ha utilizado en conversaciones que iban desde estrenos de pel\u00edculas y lanzamientos de videojuegos hasta un concurso de una de las tiendas de electr\u00f3nica m\u00e1s grandes de todo Jap\u00f3n.<\/li>\n<\/ul>\n<p>Tal y como hemos explicado antes, la influencia de BTS en el mundo es realmente incre\u00edble.<\/p>\n<p>Estos son algunos de los n\u00fameros con los que nos hemos encontrado durante nuestra investigaci\u00f3n m\u00e1s reciente:<\/p>\n<ul>\n<li>Cuando se redact\u00f3 el presente informe, la canci\u00f3n Butter de BTS estaba en el puesto 18 en el ranking de los\u00a020 v\u00eddeos con m\u00e1s \u00abme gusta\u00bb de Youtube.<\/li>\n<li>La banda tiene una legi\u00f3n de admiradores que se hace llamar \u00abarmy\u00bb (un acr\u00f3nimo que en espa\u00f1ol significa ej\u00e9rcito). Si a los fans de BTS les diera por formar un ej\u00e9rcito de verdad, habr\u00eda suficientes reclutas como para crear al menos\u00a018.<\/li>\n<li>En 2017, BTS fue el principal motivo por el que 1 de cada 13 turistas visit\u00f3 Corea del Sur, lo que supuso\u00a03,6\u00a0mil\u00a0millones de d\u00f3lares por a\u00f1o\u00a0para la econom\u00eda del pa\u00eds.<\/li>\n<\/ul>\n<h4 id=\"section-\u00bfc\u00f3mo-utilizan-las-empresas-los-%3cem%3eemojis%3c%2fem%3e%3f\">\u00bfC\u00f3mo utilizan las empresas los\u00a0<em>emojis<\/em>?<\/h4>\n<p>Con la ayuda de Brandwatch Consumer Research, hemos podido examinar cuentas verificadas de Twitter que pertenecen a organizaciones con m\u00e1s de 100\u00a0millones de seguidores.<\/p>\n<p>Esto nos ha permitido hacernos una idea de c\u00f3mo emplean los\u00a0<em>emojis<\/em>\u00a0las grandes organizaciones y negocios.<\/p>\n<\/div>\n<\/div>\n<\/div>\n<\/section>\n<section class=\"relative\"><span id=\"block-41\" class=\"c-nav-jumplink-offset\"><\/span><\/p>\n<div class=\"l-spacingStack-md-bottom l-gutter b-media s-effectOn\" data-scrollfx=\"\" data-scrollfx-screen-threshold=\"0.3\" data-scrollfx-active-class=\"s-effectOn\">\n<div class=\"l-container\">\n<figure class=\"c-media c-media-image \">\n<div class=\"c-media_wrapper\">\n<div class=\"color-bg-transparent\">\n<div class=\"w-100\">\n<div><img decoding=\"async\" class=\"js-lazy-img w-100 entered loaded\" src=\"https:\/\/s14418.pcdn.co\/es\/wp-content\/themes\/brandwatch\/src\/core\/endpoints\/resize.php?image=uploads\/2021\/09\/yE8Ie-los-emojis-m-s-utilizados-por-empresas-de-100k-seguidores-en-twitter.png&amp;width=1024\" srcset=\"https:\/\/s14418.pcdn.co\/es\/wp-content\/themes\/brandwatch\/src\/core\/endpoints\/resize.php?image=uploads\/2021\/09\/yE8Ie-los-emojis-m-s-utilizados-por-empresas-de-100k-seguidores-en-twitter.png&amp;width=380 380w, https:\/\/s14418.pcdn.co\/es\/wp-content\/themes\/brandwatch\/src\/core\/endpoints\/resize.php?image=uploads\/2021\/09\/yE8Ie-los-emojis-m-s-utilizados-por-empresas-de-100k-seguidores-en-twitter.png&amp;width=500 500w, https:\/\/s14418.pcdn.co\/es\/wp-content\/themes\/brandwatch\/src\/core\/endpoints\/resize.php?image=uploads\/2021\/09\/yE8Ie-los-emojis-m-s-utilizados-por-empresas-de-100k-seguidores-en-twitter.png&amp;width=768 768w, https:\/\/s14418.pcdn.co\/es\/wp-content\/themes\/brandwatch\/src\/core\/endpoints\/resize.php?image=uploads\/2021\/09\/yE8Ie-los-emojis-m-s-utilizados-por-empresas-de-100k-seguidores-en-twitter.png&amp;width=1024 1024w, https:\/\/s14418.pcdn.co\/es\/wp-content\/themes\/brandwatch\/src\/core\/endpoints\/resize.php?image=uploads\/2021\/09\/yE8Ie-los-emojis-m-s-utilizados-por-empresas-de-100k-seguidores-en-twitter.png&amp;width=0 1760w\" data-src=\"https:\/\/s14418.pcdn.co\/es\/wp-content\/themes\/brandwatch\/src\/core\/endpoints\/resize.php?image=uploads\/2021\/09\/yE8Ie-los-emojis-m-s-utilizados-por-empresas-de-100k-seguidores-en-twitter.png&amp;width=1024\" data-srcset=\"https:\/\/s14418.pcdn.co\/es\/wp-content\/themes\/brandwatch\/src\/core\/endpoints\/resize.php?image=uploads\/2021\/09\/yE8Ie-los-emojis-m-s-utilizados-por-empresas-de-100k-seguidores-en-twitter.png&amp;width=380 380w, https:\/\/s14418.pcdn.co\/es\/wp-content\/themes\/brandwatch\/src\/core\/endpoints\/resize.php?image=uploads\/2021\/09\/yE8Ie-los-emojis-m-s-utilizados-por-empresas-de-100k-seguidores-en-twitter.png&amp;width=500 500w, https:\/\/s14418.pcdn.co\/es\/wp-content\/themes\/brandwatch\/src\/core\/endpoints\/resize.php?image=uploads\/2021\/09\/yE8Ie-los-emojis-m-s-utilizados-por-empresas-de-100k-seguidores-en-twitter.png&amp;width=768 768w, https:\/\/s14418.pcdn.co\/es\/wp-content\/themes\/brandwatch\/src\/core\/endpoints\/resize.php?image=uploads\/2021\/09\/yE8Ie-los-emojis-m-s-utilizados-por-empresas-de-100k-seguidores-en-twitter.png&amp;width=1024 1024w, https:\/\/s14418.pcdn.co\/es\/wp-content\/themes\/brandwatch\/src\/core\/endpoints\/resize.php?image=uploads\/2021\/09\/yE8Ie-los-emojis-m-s-utilizados-por-empresas-de-100k-seguidores-en-twitter.png&amp;width=0 1760w\" data-ll-status=\"loaded\" \/><\/div>\n<\/div>\n<\/div>\n<\/div>\n<\/figure>\n<\/div>\n<\/div>\n<\/section>\n<section class=\"relative\">\n<div class=\" l-spacingStack-sm-bottom l-gutter\">\n<div class=\"l-container c-editorContent u-theme-editorContent\">\n<p>\u2764\ufe0f (Coraz\u00f3n rojo): con 822\u00a0millones de menciones, ha sido el emoticono m\u00e1s utilizado por marcas y organizaciones en lo que llevamos de a\u00f1o. Sigui\u00e9ndole de muy cerca est\u00e1n \ud83d\udca5 (explosi\u00f3n) y \ud83d\udc40 (ojos).<\/p>\n<p>Hemos indagado un poco m\u00e1s en estos tres emojis para ver c\u00f3mo los utilizan las empresas.<\/p>\n<p><strong>\u2764\ufe0f Se suele utilizar en conversaciones en las que se agradece el apoyo de los fans.<\/strong><\/p>\n<p>&nbsp;<\/p>\n<\/div>\n<\/div>\n<\/section>\n<p>&nbsp;<\/p>\n<p>Fuente:<\/p>\n<p><a href=\"https:\/\/www.brandwatch.com\/es\/reports\/emojis-emociones-2021\/view\/?utm_source=insights&amp;utm_medium=email&amp;utm_campaign=emoji-emotions&amp;utm_term=Other&amp;utm_content=es&amp;mkt_tok=NDYxLVJLSy01MTgAAAF_jOpWfDPiRntSccjk_NaTb6OsfKEaw9NoIU3xarZImh1KpIwsMZZDHQuzHqlmupJtU84vPN2DqCHQI0XZWedOkCq4PdlApd9C_ysoC7gn7PDG_Q\">https:\/\/www.brandwatch.com\/es\/reports\/emojis-emociones-2021\/view\/?utm_source=insights&amp;utm_medium=email&amp;utm_campaign=emoji-emotions&amp;utm_term=Other&amp;utm_content=es&amp;mkt_tok=NDYxLVJLSy01MTgAAAF_jOpWfDPiRntSccjk_NaTb6OsfKEaw9NoIU3xarZImh1KpIwsMZZDHQuzHqlmupJtU84vPN2DqCHQI0XZWedOkCq4PdlApd9C_ysoC7gn7PDG_Q<\/a><\/p>\n<section class=\"relative\">\n<div class=\" l-spacingStack-sm-bottom l-gutter\">\n<div class=\"l-container c-editorContent u-theme-editorContent\">\n<div class=\"css-1dbjc4n\">\n<div class=\"css-901oao r-18jsvk2 r-1dqbpge r-1qd0xha r-adyw6z r-16dba41 r-135wba7 r-bcqeeo r-bnwqim r-qvutc0\" dir=\"auto\" lang=\"en\">\n<p>&nbsp;<\/p>\n<p>&nbsp;<\/p>\n<p>&nbsp;<\/p>\n<p><span data-contrast=\"none\">_______________________________________<\/span><\/p>\n<p><span data-contrast=\"none\">Reproducido por Esperanza Herrera<\/span><\/p>\n<p><span data-contrast=\"none\">Contenidos Digitales Ingenieros de Marketing<\/span><\/p>\n<p><a href=\"http:\/\/www.ingenierosdemarketing.com.co\/\"><span data-contrast=\"auto\">www.ingenierosdemarketing.com.co<\/span><\/a><\/p>\n<p><a href=\"http:\/\/www.juliancastiblanco.com\/\"><span data-contrast=\"auto\">www.JulianCastiblanco.com<\/span><\/a><\/p>\n<p><a href=\"http:\/\/www.deceroasapo.com\/\"><span data-contrast=\"auto\">www.deceroasapo.com<\/span><\/a><\/p>\n<\/div>\n<\/div>\n<\/div>\n<\/div>\n<\/section>\n","protected":false},"excerpt":{"rendered":"<p>Hemos analizado m\u00e1s de 20 mil millones de fuentes de datos durante\u00a02021 para entender c\u00f3mo utilizamos los emojis y el lenguaje emocional en\u00a0Internet. En este informe, Brandwatch, BuzzSumo y Falcon.io [&hellip;]<\/p>\n","protected":false},"author":4,"featured_media":8782,"comment_status":"closed","ping_status":"closed","sticky":false,"template":"","format":"standard","meta":{"footnotes":""},"categories":[9],"tags":[],"class_list":["post-8780","post","type-post","status-publish","format-standard","has-post-thumbnail","hentry","category-tecnologia"],"_links":{"self":[{"href":"https:\/\/juliancastiblanco.com\/web\/wp-json\/wp\/v2\/posts\/8780","targetHints":{"allow":["GET"]}}],"collection":[{"href":"https:\/\/juliancastiblanco.com\/web\/wp-json\/wp\/v2\/posts"}],"about":[{"href":"https:\/\/juliancastiblanco.com\/web\/wp-json\/wp\/v2\/types\/post"}],"author":[{"embeddable":true,"href":"https:\/\/juliancastiblanco.com\/web\/wp-json\/wp\/v2\/users\/4"}],"replies":[{"embeddable":true,"href":"https:\/\/juliancastiblanco.com\/web\/wp-json\/wp\/v2\/comments?post=8780"}],"version-history":[{"count":5,"href":"https:\/\/juliancastiblanco.com\/web\/wp-json\/wp\/v2\/posts\/8780\/revisions"}],"predecessor-version":[{"id":8786,"href":"https:\/\/juliancastiblanco.com\/web\/wp-json\/wp\/v2\/posts\/8780\/revisions\/8786"}],"wp:featuredmedia":[{"embeddable":true,"href":"https:\/\/juliancastiblanco.com\/web\/wp-json\/wp\/v2\/media\/8782"}],"wp:attachment":[{"href":"https:\/\/juliancastiblanco.com\/web\/wp-json\/wp\/v2\/media?parent=8780"}],"wp:term":[{"taxonomy":"category","embeddable":true,"href":"https:\/\/juliancastiblanco.com\/web\/wp-json\/wp\/v2\/categories?post=8780"},{"taxonomy":"post_tag","embeddable":true,"href":"https:\/\/juliancastiblanco.com\/web\/wp-json\/wp\/v2\/tags?post=8780"}],"curies":[{"name":"wp","href":"https:\/\/api.w.org\/{rel}","templated":true}]}}