{"id":9364,"date":"2021-11-11T15:02:07","date_gmt":"2021-11-11T15:02:07","guid":{"rendered":"https:\/\/juliancastiblanco.com\/web\/?p=9364"},"modified":"2021-11-11T15:04:36","modified_gmt":"2021-11-11T15:04:36","slug":"las-ventas-del-comercio-al-por-menor-en-bogota-completan-7-meses-consecutivos-de-crecimiento","status":"publish","type":"post","link":"https:\/\/juliancastiblanco.com\/web\/las-ventas-del-comercio-al-por-menor-en-bogota-completan-7-meses-consecutivos-de-crecimiento\/","title":{"rendered":"Las ventas del comercio al por menor en Bogot\u00e1 completan 7 meses consecutivos de crecimiento"},"content":{"rendered":"<p>Seg\u00fan la Encuesta mensual de comercio (EMC) en agosto, las ventas reales del comercio minorista y de veh\u00edculos1 en Bogot\u00e1 aumentaron 33,4 %, completando 7 meses con cifras positivas. Este comportamiento aport\u00f3 10,7 puntos porcentuales (p.p.) a la variaci\u00f3n nacional (31,7 %), presentando la mayor contribuci\u00f3n entre los departamentos.<\/p>\n<p>El dominio geogr\u00e1fico de otros departamentos ocupo el segundo lugar con una variaci\u00f3n de 33,5 % y una contribuci\u00f3n de 8,8 p.p. En tercer lugar, se ubic\u00f3 Antioquia con un aporte de 5,4 p.p., Valle del Cauca y Cundinamarca, que registraron variaciones de 21,1 % y 24,2 % y aportes de 2,4 y 1, 7 p.p. respectivamente.<\/p>\n<p><img decoding=\"async\" src=\"https:\/\/observatorio.desarrolloeconomico.gov.co\/sites\/default\/files\/bases_informes\/grafica1_cpm_93.jpg\" \/><\/p>\n<p>El importante avance de las ventas en Bogot\u00e1, es resultado del crecimiento en la divisi\u00f3n de veh\u00edculos automotores nuevos, que present\u00f3 un ascenso de 76,8 %, siendo as\u00ed, la actividad con la contribuci\u00f3n m\u00e1s relevante 22,2 p.p. a la variaci\u00f3n de la ciudad.<\/p>\n<p>La segunda actividad con comportamiento al alza, fue prendas de vestir y sus accesorios; calzado y accesorios en cuero en establecimientos especializados, con aumento del 132,4 % y una participaci\u00f3n de 3,9 p.p.; luego, partes y piezas para veh\u00edculos automotores y motocicletas, cuyas ventas reales subieron 45,2 % aportando 2,3 p.p.; las ventas minoristas en establecimientos dedicados a la venta de alimentos, bebidas y tabaco y equipos de inform\u00e1tica y comunicaciones y otros enseres dom\u00e9sticos en establecimientos especializados, contribuyeron 2 p.p. cada uno.<\/p>\n<p><img decoding=\"async\" src=\"https:\/\/observatorio.desarrolloeconomico.gov.co\/sites\/default\/files\/bases_informes\/grafica2_cpm_93.jpg\" \/><\/p>\n<p>Tambi\u00e9n te puede interesar<\/p>\n<blockquote class=\"wp-embedded-content\" data-secret=\"muKXq89uem\"><p><a href=\"https:\/\/juliancastiblanco.com\/web\/public-bigdata-para-tomar-desiciones-inteligentes-a-tiempo\/\">SOCRY: Public BigData para tomar decisiones inteligentes a TIEMPO<\/a><\/p><\/blockquote>\n<p><iframe loading=\"lazy\" class=\"wp-embedded-content\" sandbox=\"allow-scripts\" security=\"restricted\" style=\"position: absolute; clip: rect(1px, 1px, 1px, 1px);\" title=\"\u00abSOCRY: Public BigData para tomar decisiones inteligentes a TIEMPO\u00bb \u2014 JulianCastiblanco.com\" src=\"https:\/\/juliancastiblanco.com\/web\/public-bigdata-para-tomar-desiciones-inteligentes-a-tiempo\/embed\/#?secret=muKXq89uem\" data-secret=\"muKXq89uem\" width=\"600\" height=\"338\" frameborder=\"0\" marginwidth=\"0\" marginheight=\"0\" scrolling=\"no\"><\/iframe><\/p>\n<p class=\"rtejustify\"><strong data-uw-styling-context=\"true\">Ventas de veh\u00edculos<\/strong><\/p>\n<p class=\"rtejustify\" data-uw-styling-context=\"true\">La Asociaci\u00f3n Nacional de Movilidad Sostenible (ANDEMOS), inform\u00f3 que, en agosto, el n\u00famero de veh\u00edculos nuevos vendidos en Bogot\u00e1 fue de<strong data-uw-styling-context=\"true\">\u00a05.224 unidades<\/strong>, representando un cambio anual de\u00a0<strong data-uw-styling-context=\"true\">65,2 %<\/strong>.<\/p>\n<p class=\"rtejustify\" data-uw-styling-context=\"true\">Para el periodo enero \u2013 agosto de 2021 las ventas acumuladas fueron de\u00a0<strong data-uw-styling-context=\"true\">35.739 unidades<\/strong>, con una variaci\u00f3n de\u00a0<strong data-uw-styling-context=\"true\">39,2 %.<\/strong>\u00a0En el territorio nacional las ventas totales en los ocho primeros meses del a\u00f1o sumaron 155.398 unidades, con un incremento del 55.2 % respecto al mismo per\u00edodo del 2020.<\/p>\n<p data-uw-styling-context=\"true\"><img decoding=\"async\" src=\"https:\/\/observatorio.desarrolloeconomico.gov.co\/sites\/default\/files\/bases_informes\/grafica3_cpm_93.jpg\" \/><\/p>\n<p class=\"rtejustify\"><strong data-uw-styling-context=\"true\">Personal ocupado<\/strong><\/p>\n<p class=\"rtejustify\" data-uw-styling-context=\"true\">El personal ocupado en el comercio minorista y de veh\u00edculos cay\u00f3 0,9 %. Contin\u00faa en terreno negativo,\u00a0<strong data-uw-styling-context=\"true\">pero muestra un avance de 1,5 (p.p.) frente al mes anterior<\/strong>.\u00a0Al igual que julio de 2021, la actividad del comercio de prendas de vestir y sus accesorios; calzado y art\u00edculos suced\u00e1neos al cuero en establecimientos especializados, creci\u00f3 8,4 % y fue la que m\u00e1s aport\u00f3 al ascenso del personal ocupado con\u00a0<strong data-uw-styling-context=\"true\">0,8 p.p.<\/strong><\/p>\n<p class=\"rtejustify\" data-uw-styling-context=\"true\">La segunda actividad destacada es la de equipos de inform\u00e1tica y comunicaciones en establecimientos especializados; otros enseres dom\u00e9sticos en establecimientos especializados, que reflej\u00f3 un incremento anual de\u00a0<strong data-uw-styling-context=\"true\">4,7 %<\/strong>\u00a0y una contribuci\u00f3n de\u00a0<strong data-uw-styling-context=\"true\">0,5 p.p.<\/strong>\u00a0a la variaci\u00f3n total del comercio capitalino.<\/p>\n<p class=\"rtejustify\" data-uw-styling-context=\"true\">A esta le siguieron las ventas de veh\u00edculos automotores nuevos con\u00a0<strong data-uw-styling-context=\"true\">3,3 %<\/strong>\u00a0y\u00a0<strong data-uw-styling-context=\"true\">0,4 p.p.<\/strong>, la venta de productos farmac\u00e9uticos, medicinales, odontol\u00f3gicos; art\u00edculos de perfumer\u00eda, cosm\u00e9ticos y de tocador, que arroj\u00f3 una variaci\u00f3n de\u00a0<strong data-uw-styling-context=\"true\">5,2 %<\/strong>\u00a0y\u00a0<strong data-uw-styling-context=\"true\">0,3 p.p.<\/strong>\u00a0y finalmente, las ventas de partes, piezas (autopartes) y accesorios (lujos) para veh\u00edculos automotores, motocicletas, sus partes y accesorios, que mostraron una mejora de\u00a0<strong data-uw-styling-context=\"true\">3,1 %<\/strong>\u00a0y un aporte de\u00a0<strong data-uw-styling-context=\"true\">0,2 p.p.<\/strong><\/p>\n<p class=\"rtejustify\" data-uw-styling-context=\"true\">La \u00fanica actividad cuya variaci\u00f3n se mantiene en cifras negativas, es ventas en establecimientos no especializados; y en especializados en alimentos, bebidas y tabaco con -5,6 % y una contracci\u00f3n de 3 p.p.<\/p>\n<p data-uw-styling-context=\"true\"><img decoding=\"async\" src=\"https:\/\/observatorio.desarrolloeconomico.gov.co\/sites\/default\/files\/bases_informes\/inf1_cpm_93.jpg\" \/><\/p>\n<p>Fuente: <a href=\"https:\/\/observatorio.desarrolloeconomico.gov.co\/comercio-al-por-menor\/las-ventas-del-comercio-al-por-menor-en-bogota-completan-7-meses-consecutivos\">https:\/\/observatorio.desarrolloeconomico.gov.co\/comercio-al-por-menor\/las-ventas-del-comercio-al-por-menor-en-bogota-completan-7-meses-consecutivos\u00a0<\/a><\/p>\n<p>&nbsp;<\/p>\n<p><span data-contrast=\"none\">_______________________________________<\/span><\/p>\n<p><span data-contrast=\"none\">Reproducido por Esperanza Herrera<\/span><\/p>\n<p><span data-contrast=\"none\">Contenidos Digitales Ingenieros de Marketing<\/span><\/p>\n<p><a href=\"http:\/\/www.ingenierosdemarketing.com.co\/\"><span data-contrast=\"auto\">www.ingenierosdemarketing.com.co<\/span><\/a><\/p>\n<p><a href=\"http:\/\/www.juliancastiblanco.com\/\"><span data-contrast=\"auto\">www.JulianCastiblanco.com<\/span><\/a><\/p>\n<p><a href=\"http:\/\/www.deceroasapo.com\/\"><span data-contrast=\"auto\">www.deceroasapo.com<\/span><\/a><\/p>\n<p><a href=\"http:\/\/www.oceanosvioleta.com\/\"><span data-contrast=\"auto\">www.oceanosvioleta.com<\/span><\/a><\/p>\n","protected":false},"excerpt":{"rendered":"<p>Seg\u00fan la Encuesta mensual de comercio (EMC) en agosto, las ventas reales del comercio minorista y de veh\u00edculos1 en Bogot\u00e1 aumentaron 33,4 %, completando 7 meses con cifras positivas. Este [&hellip;]<\/p>\n","protected":false},"author":4,"featured_media":9367,"comment_status":"closed","ping_status":"closed","sticky":false,"template":"","format":"standard","meta":{"footnotes":""},"categories":[9],"tags":[],"class_list":["post-9364","post","type-post","status-publish","format-standard","has-post-thumbnail","hentry","category-tecnologia"],"_links":{"self":[{"href":"https:\/\/juliancastiblanco.com\/web\/wp-json\/wp\/v2\/posts\/9364","targetHints":{"allow":["GET"]}}],"collection":[{"href":"https:\/\/juliancastiblanco.com\/web\/wp-json\/wp\/v2\/posts"}],"about":[{"href":"https:\/\/juliancastiblanco.com\/web\/wp-json\/wp\/v2\/types\/post"}],"author":[{"embeddable":true,"href":"https:\/\/juliancastiblanco.com\/web\/wp-json\/wp\/v2\/users\/4"}],"replies":[{"embeddable":true,"href":"https:\/\/juliancastiblanco.com\/web\/wp-json\/wp\/v2\/comments?post=9364"}],"version-history":[{"count":1,"href":"https:\/\/juliancastiblanco.com\/web\/wp-json\/wp\/v2\/posts\/9364\/revisions"}],"predecessor-version":[{"id":9366,"href":"https:\/\/juliancastiblanco.com\/web\/wp-json\/wp\/v2\/posts\/9364\/revisions\/9366"}],"wp:featuredmedia":[{"embeddable":true,"href":"https:\/\/juliancastiblanco.com\/web\/wp-json\/wp\/v2\/media\/9367"}],"wp:attachment":[{"href":"https:\/\/juliancastiblanco.com\/web\/wp-json\/wp\/v2\/media?parent=9364"}],"wp:term":[{"taxonomy":"category","embeddable":true,"href":"https:\/\/juliancastiblanco.com\/web\/wp-json\/wp\/v2\/categories?post=9364"},{"taxonomy":"post_tag","embeddable":true,"href":"https:\/\/juliancastiblanco.com\/web\/wp-json\/wp\/v2\/tags?post=9364"}],"curies":[{"name":"wp","href":"https:\/\/api.w.org\/{rel}","templated":true}]}}