{"id":9640,"date":"2021-12-02T14:20:16","date_gmt":"2021-12-02T14:20:16","guid":{"rendered":"https:\/\/juliancastiblanco.com\/web\/?p=9640"},"modified":"2021-12-02T14:20:16","modified_gmt":"2021-12-02T14:20:16","slug":"comercio-preve-escasez-de-productos-y-materias-primas-durante-el-2022-por-crisis-de-logistica-mundial","status":"publish","type":"post","link":"https:\/\/juliancastiblanco.com\/web\/comercio-preve-escasez-de-productos-y-materias-primas-durante-el-2022-por-crisis-de-logistica-mundial\/","title":{"rendered":"Comercio prev\u00e9 escasez de productos y materias primas durante el 2022 por crisis de  log\u00edstica mundial."},"content":{"rendered":"<p>Un nuevo llamado al Gobierno Nacional para que permita una rebaja generalizada de aranceles hizo el comercio, que prev\u00e9 escasez de productos y materias primas durante el 2022, como consecuencia de la crisis en el transporte de contenedores, que en el caso particular de Colombia se agrav\u00f3 por el efecto que tuvieron las protestas, sobre todo en el Puerto de Buenaventura, situaci\u00f3n que afect\u00f3 a todos los sectores de la econom\u00eda.<\/p>\n<p>De acuerdo con Jaime Alberto Cabal, presidente de FENALCO, aunque los comerciantes han hecho un esfuerzo por tener suficientes existencias y mantener los precios para suplir las necesidades de los colombianos, de cara a la temporada navide\u00f1a, a\u00fan cuando todav\u00eda se sienten las repercusiones del paro del segundo trimestre del a\u00f1o; todo apunta a que va a haber escasez de algunos productos durante el 2022, por los considerables retrasos en la entrega de mercanc\u00edas, estancadas en contenedores en diferentes puertos del mundo, sin ser sus puertos destino y por consiguiente los altos costos de los fletes.<\/p>\n<blockquote><p>Te puede interesar<\/p><\/blockquote>\n<blockquote class=\"wp-embedded-content\" data-secret=\"z5kw11Ajed\"><p><a href=\"https:\/\/juliancastiblanco.com\/web\/blockchain-es-mucho-mas-que-solo-criptomonedas\/\">Blockchain, es mucho m\u00e1s que solo Criptomonedas<\/a><\/p><\/blockquote>\n<p><iframe loading=\"lazy\" class=\"wp-embedded-content\" sandbox=\"allow-scripts\" security=\"restricted\" style=\"position: absolute; clip: rect(1px, 1px, 1px, 1px);\" title=\"\u00abBlockchain, es mucho m\u00e1s que solo Criptomonedas\u00bb \u2014 JulianCastiblanco.com\" src=\"https:\/\/juliancastiblanco.com\/web\/blockchain-es-mucho-mas-que-solo-criptomonedas\/embed\/#?secret=z5kw11Ajed\" data-secret=\"z5kw11Ajed\" width=\"600\" height=\"338\" frameborder=\"0\" marginwidth=\"0\" marginheight=\"0\" scrolling=\"no\"><\/iframe><\/p>\n<p>\u201cPensamos que esta situaci\u00f3n puede mantenerse durante el pr\u00f3ximo a\u00f1o, sobre todo en los pa\u00edses que conforman Am\u00e9rica del Sur, dado que el volumen de carga de nuestra regi\u00f3n s\u00f3lo equivale al 4% del mercado mundial y bajo esta perspectiva podr\u00eda tardar a\u00fan m\u00e1s el restablecimiento de la operaci\u00f3n normal\u201d, afirm\u00f3 el vocero de los comerciantes.<\/p>\n<p>La propuesta que hizo el comercio organizado, desde hace un par de semanas es que por el t\u00e9rmino de un a\u00f1o se reduzca a 0% el impuesto para materias primas y al 5% para productos terminados. Esto con el objetivo de tratar de detener una posible subida de precios en diferentes productos de consumo masivo, que debe asumir toda la cadena, principalmente el cliente final.<\/p>\n<p>\u201cAunque el sector espera un cierre de a\u00f1o con cifras muy positivas, hay expectativa por lo que pueda pasar el pr\u00f3ximo a\u00f1o por esta complicada situaci\u00f3n que atraviesa el comercio mundial y que provocar\u00e1 inevitablemente un aumento en la inflaci\u00f3n y un posible freno a la reactivaci\u00f3n econ\u00f3mica. Por lo que consideramos necesario encontrar con urgencia soluciones que mitiguen el impacto\u201d, concluy\u00f3 Cabal Sanclemente.<\/p>\n<p>Tomado de: <span class=\"JsGRdQ\">Fenalco Bol\u00edvar<\/span><\/p>\n<p>&nbsp;<\/p>\n<p><span data-contrast=\"none\">________________________________<\/span><\/p>\n<p><span data-contrast=\"none\">Reproducido por Esperanza Herrera<\/span><\/p>\n<p><span data-contrast=\"none\">Contenidos Digitales Ingenieros de Marketing<\/span><\/p>\n<p><a href=\"http:\/\/www.ingenierosdemarketing.com.co\/\"><span data-contrast=\"auto\">www.ingenierosdemarketing.com.co<\/span><\/a><\/p>\n<p><a href=\"http:\/\/www.juliancastiblanco.com\/\"><span data-contrast=\"auto\">www.JulianCastiblanco.com<\/span><\/a><\/p>\n<p><a href=\"http:\/\/www.deceroasapo.com\/\"><span data-contrast=\"auto\">www.deceroasapo.com<\/span><\/a><\/p>\n<p><a href=\"http:\/\/www.oceanosvioleta.com\/\"><span data-contrast=\"auto\">www.oceanosvioleta.com<\/span><\/a><\/p>\n<p>&nbsp;<\/p>\n<p>&nbsp;<\/p>\n","protected":false},"excerpt":{"rendered":"<p>Un nuevo llamado al Gobierno Nacional para que permita una rebaja generalizada de aranceles hizo el comercio, que prev\u00e9 escasez de productos y materias primas durante el 2022, como consecuencia [&hellip;]<\/p>\n","protected":false},"author":4,"featured_media":9641,"comment_status":"closed","ping_status":"closed","sticky":false,"template":"","format":"standard","meta":{"footnotes":""},"categories":[9],"tags":[],"class_list":["post-9640","post","type-post","status-publish","format-standard","has-post-thumbnail","hentry","category-tecnologia"],"_links":{"self":[{"href":"https:\/\/juliancastiblanco.com\/web\/wp-json\/wp\/v2\/posts\/9640","targetHints":{"allow":["GET"]}}],"collection":[{"href":"https:\/\/juliancastiblanco.com\/web\/wp-json\/wp\/v2\/posts"}],"about":[{"href":"https:\/\/juliancastiblanco.com\/web\/wp-json\/wp\/v2\/types\/post"}],"author":[{"embeddable":true,"href":"https:\/\/juliancastiblanco.com\/web\/wp-json\/wp\/v2\/users\/4"}],"replies":[{"embeddable":true,"href":"https:\/\/juliancastiblanco.com\/web\/wp-json\/wp\/v2\/comments?post=9640"}],"version-history":[{"count":1,"href":"https:\/\/juliancastiblanco.com\/web\/wp-json\/wp\/v2\/posts\/9640\/revisions"}],"predecessor-version":[{"id":9642,"href":"https:\/\/juliancastiblanco.com\/web\/wp-json\/wp\/v2\/posts\/9640\/revisions\/9642"}],"wp:featuredmedia":[{"embeddable":true,"href":"https:\/\/juliancastiblanco.com\/web\/wp-json\/wp\/v2\/media\/9641"}],"wp:attachment":[{"href":"https:\/\/juliancastiblanco.com\/web\/wp-json\/wp\/v2\/media?parent=9640"}],"wp:term":[{"taxonomy":"category","embeddable":true,"href":"https:\/\/juliancastiblanco.com\/web\/wp-json\/wp\/v2\/categories?post=9640"},{"taxonomy":"post_tag","embeddable":true,"href":"https:\/\/juliancastiblanco.com\/web\/wp-json\/wp\/v2\/tags?post=9640"}],"curies":[{"name":"wp","href":"https:\/\/api.w.org\/{rel}","templated":true}]}}